{"id":1467,"date":"2026-02-23T14:56:47","date_gmt":"2026-02-23T14:56:47","guid":{"rendered":"http:\/\/www.santabernardita.es\/?p=1467"},"modified":"2026-03-10T09:01:07","modified_gmt":"2026-03-10T09:01:07","slug":"admisines-2026-2027-para-el-ii-ciclo-de-ed-infantil-etapa-concertada","status":"publish","type":"post","link":"https:\/\/santabernardita.es\/index.php\/2026\/02\/23\/admisines-2026-2027-para-el-ii-ciclo-de-ed-infantil-etapa-concertada\/","title":{"rendered":"ADMISIONES 2026-2027 PARA EL II CICLO DE ED. INFANTIL (Etapa Concertada)"},"content":{"rendered":"<p><em>La Comunidad de Madrid publico\u0301 la Resoluci\u00f3n conjunta de las viceconsejer\u00edas de Pol\u00edtica Educativa y de Organizaci\u00f3n Educativa por la que se dictan instrucciones sobre la participaci\u00f3n en el <strong>proceso de admisi\u00f3n de alumnos en centros docentes sostenidos con fondos p\u00fablicos<\/strong> que imparten segundo ciclo de Educaci\u00f3n Infantil, Educaci\u00f3n Primaria, Educaci\u00f3n Especial y Educaci\u00f3n Segundaria obligatoria.<\/em><\/p>\n<h3><span style=\"color: #000000;\">El <span style=\"color: #000080;\">PLAZO DE PRESENTACION<\/span> <strong>de solicitudes comprender\u00e1 del 11 al 25 de marzo de 2026, ambos inclusive.<\/strong><\/span><\/h3>\n<h3><span style=\"color: #000080;\">VACANTES OFERTADAS<\/span><\/h3>\n<p>Anexo I <a href=\"https:\/\/drive.google.com\/file\/d\/1cRGCitcpsBnIb3DNyDOCq2D-4tI6dA6K\/view?usp=sharing\">(Consulte aqu\u00ed las vacantes)<\/a><\/p>\n<h3><span style=\"color: #000080;\">CRITERIOS COMPLEMENTARIOS <\/span><strong><span style=\"color: #000000;\">del centro<\/span>:\u00a0<\/strong><\/h3>\n<ol>\n<li>Alumnos del Colegio Santa Bernardita que han cursado el Tercer Curso del Primer Ciclo de Ed. infantil en el 2025-2026.<\/li>\n<li>Padre, madre o hermano AA del Colegio Santa Bernardita.<\/li>\n<li>Tener hermanos matriculados en etapas no concertadas en el Colegio Santa Bernardita.<\/li>\n<\/ol>\n<h3><span style=\"color: #000000;\"><span style=\"color: #000080;\">CALENDARIO<\/span><strong> b\u00e1sico de fechas a tener en cuenta para el proceso de admisi\u00f3n de alumnos:<\/strong><\/span><\/h3>\n<table width=\"714\">\n<tbody>\n<tr>\n<td width=\"189\">\n<p><strong>11 al 25 de Marzo<\/strong><\/p>\n<\/td>\n<td width=\"525\">\n<p>Plazo de presentaci\u00f3n de solicitudes para el proceso ordinario de admisi\u00f3n.<\/p>\n<\/td>\n<\/tr>\n<tr>\n<td width=\"189\">\n<p><strong>14 de Abril<\/strong><\/p>\n<\/td>\n<td width=\"525\">\n<p>Los centros publican listado provisional de alumnos que han solicitado el centro en primera opci\u00f3n.<\/p>\n<\/td>\n<\/tr>\n<tr>\n<td width=\"189\">\n<p><strong>15, 16 y 17 de Abril<\/strong><\/p>\n<\/td>\n<td width=\"525\">\n<p>Plazo de reclamaci\u00f3n a los listados de alumnos solicitantes.<\/p>\n<\/td>\n<\/tr>\n<tr>\n<td width=\"189\">\n<p><strong>23 de Abril<\/strong><\/p>\n<\/td>\n<td width=\"525\">\n<p>Publicaci\u00f3n de los listados con la puntuaci\u00f3n provisional obtenida por los alumnos. Estos listados incluir\u00e1n la resoluci\u00f3n de las reclamaciones presentadas a los listados de alumnos solicitantes.<\/p>\n<\/td>\n<\/tr>\n<tr>\n<td width=\"189\">\n<p><strong>24, 27 y 28 de Abril<\/strong><\/p>\n<\/td>\n<td width=\"525\">\n<p>Plazo para formular reclamaciones a la lista provisional de puntuaciones.<\/p>\n<\/td>\n<\/tr>\n<tr>\n<td width=\"189\">\n<p><strong>7 de mayo<\/strong><\/p>\n<\/td>\n<td width=\"525\">\n<p>Publicaci\u00f3n del listado de puntuaciones definitivo, una vez revisadas las posible reclamaciones.<\/p>\n<\/td>\n<\/tr>\n<tr>\n<td width=\"189\">\n<p><strong>27 de mayo<\/strong><\/p>\n<\/td>\n<td width=\"525\">\n<p>Publicaci\u00f3n de la lista de admitidos en cada centro.<\/p>\n<\/td>\n<\/tr>\n<tr>\n<td width=\"189\">\n<p><strong>Hasta el 12 de Junio<\/strong><\/p>\n<\/td>\n<td width=\"525\">\n<p>Adjudicaci\u00f3n de plaza escolar por los Servicios de apoyo a la escolarizaci\u00f3n a los alumnos no admitidos.<\/p>\n<\/td>\n<\/tr>\n<tr>\n<td width=\"189\">\n<p><strong>11 al 25 de Junio<\/strong><\/p>\n<\/td>\n<td width=\"525\">\n<p>Plazo de matriculaci\u00f3n en los centros de Educaci\u00f3n Infantil, Primaria y Especial.<\/p>\n<\/td>\n<\/tr>\n<\/tbody>\n<\/table>\n<h3><span style=\"color: #000080;\">ADSCRIPCIONES<\/span><\/h3>\n<p>EL colegio Santa Bernardita para el curso 2026\/2027 se encuentra adscrito a nivel superior a los siguientes <strong><span style=\"color: #000080;\"><a style=\"color: #000080;\" href=\"https:\/\/drive.google.com\/file\/d\/1ewbFBpVWcesffws90hRoFRG1rMbjG4Dc\/view?usp=sharing\">CENTROS<\/a>:<\/span><\/strong>\u00a0<\/p>\n<h3><span style=\"color: #000080;\">CONVENIOS CON CENTROS PRIVADOS A NIVEL SUPERIOR.<\/span><\/h3>\n<p>Contamos con un convenio de colaboraci\u00f3n con el Centro Educativo San Jos\u00e9 del\u00a0 Parque (<em>Maristas<\/em>).<\/p>\n<p>Los alumnos que hayan cursado Tercer curso del Segundo ciclo de Educaci\u00f3n Infantil en el Colegio Santa Bernardita obtendr\u00e1n:<\/p>\n<ul>\n<li>Preferencia en la asignaci\u00f3n de plazas.<\/li>\n<li>Bonificaci\u00f3n econ\u00f3mica.<\/li>\n<\/ul>\n<p>Si desean obtener m\u00e1s informaci\u00f3n pueden solicitar cita previa o consultar su <a href=\"https:\/\/maristassanjosedelparque.com\/\">WEB\u00a0<\/a><\/p>\n<p><span style=\"color: #000000;\"><strong>Toda la informaci\u00f3n relativa al<\/strong> <span style=\"color: #000080;\">PROCESO DE ADMISI\u00d3N<\/span> <strong>la pod\u00e9is consultar accediendo:<\/strong><\/span><\/p>\n<ul>\n<li><a title=\"RESOLUCI\u00d3N de 22 de noviembre de 2024, de la Viceconsejer\u00eda de Pol\u00edtica y Organizaci\u00f3n Educativa, por la que se dictan instrucciones sobre la participaci\u00f3n en el proceso de admisi\u00f3n de alumnos en centros docentes sostenidos con fondos p\u00fablicos que imparten segundo ciclo de Educaci\u00f3n Infantil, Educaci\u00f3n Primaria, Educaci\u00f3n Secundaria Obligatoria, Bachillerato, as\u00ed como las etapas de Educaci\u00f3n Especial en la Comunidad de Madrid para el curso 2025-2026.\" href=\"https:\/\/drive.google.com\/file\/d\/1QdCKfNpoj_QKFiBd4xfUKlM6Ok1OZu12\/view?usp=sharing\" target=\"_blank\" rel=\"noopener\"><strong><span style=\"color: #000080;\">ACCESO a la RESOLUCI\u00d3N de 22 de noviembre de 2024, de la Viceconsejer\u00eda de Pol\u00edtica y Organizaci\u00f3n Educativa,<\/span><\/strong><\/a><\/li>\n<li><strong><span style=\"color: #000080;\">ACCESO al CUADERNILLO INFORMATIVO B\u00c1SICO <\/span><\/strong><a href=\"https:\/\/drive.google.com\/file\/d\/153tWZS9fdDQwXY9D3x4qsUjolCaif5U1\/view?usp=sharing\"><em><span style=\"color: #000080;\">DESCARGAR<\/span><\/em><\/a><\/li>\n<li><strong><span style=\"color: #000080;\">ACCESO SOLICITUD DE ADMISION EN CENTROS SOSTENIDOS CON FONDOS P\u00daBLICOS. <a href=\"https:\/\/drive.google.com\/file\/d\/1JCR1e675Ilkj-Y-almIvhQU3ShJnfo6w\/view?usp=sharing\">DESCARGAR<\/a><\/span><\/strong><\/li>\n<li><strong><span style=\"color: #000080;\"><a style=\"color: #000080;\" href=\"https:\/\/www.comunidad.madrid\/servicios\/educacion\/gestion-telematica-solicitud-admision-alumnos-secretaria-virtual\">ACCESO A LA SECRETARIA VIRTUAL<\/a><\/span><\/strong><\/li>\n<\/ul>\n<h3><span style=\"color: #000080;\">SERVICIOS DE APOYO A LA ESCOLARIZACION:<\/span><\/h3>\n<ul>\n<li>SAE N\u00ba1 DAT MADRID-CAPITAL. C\/ Vitruvio, 2 3\u00aa planta -Madrid.<\/li>\n<\/ul>\n<p>\u00a0 \u00a0 \u00a0 \u00a0 \u00a0Tel.<strong> 917203037-917203035-917203038-917203039-917203034.\u00a0<\/strong><\/p>\n<p>\u00a0 \u00a0 \u00a0 \u00a0 \u00a0Correo electr\u00f3nico: <strong>escolarizacion.sae.cap@madrid.org<\/strong><\/p>\n<ul>\n<li>SAE (Alumnos NEE): C\/ Vitruvio, 2 3\u00aa planta -Madrid\u00a0<\/li>\n<\/ul>\n<p>\u00a0 \u00a0 \u00a0 \u00a0 \u00a0<strong>Tel. 917203310-917203313\u00a0\u00a0<\/strong><\/p>\n<p>\u00a0 \u00a0 \u00a0 \u00a0 \u00a0Correo electr\u00f3nico: <strong>sae.nee.capital@madrid.org<\/strong><\/p>\n\n\n<p><\/p>\n","protected":false},"excerpt":{"rendered":"<p>La Comunidad de Madrid publico\u0301 la Resoluci\u00f3n conjunta de las [&hellip;]<\/p>\n","protected":false},"author":4,"featured_media":1940,"comment_status":"closed","ping_status":"closed","sticky":false,"template":"","format":"standard","meta":{"footnotes":""},"categories":[2,3],"tags":[],"class_list":["post-1467","post","type-post","status-publish","format-standard","has-post-thumbnail","hentry","category-avisos","category-informacion-general"],"yoast_head":"<!-- This site is optimized with the Yoast SEO plugin v24.2 - https:\/\/yoast.com\/wordpress\/plugins\/seo\/ -->\n<title>ADMISIONES 2026-2027 PARA EL II CICLO DE ED. INFANTIL (Etapa Concertada) - Colegio Santa Bernardita<\/title>\n<meta name=\"description\" content=\"Somos un Colegio de Educaci\u00f3n Infantil confesional cat\u00f3lico, que pertenece a la Congregaci\u00f3n de las Hermanas Religiosas de la Caridad de Nevers. Nos encontramos en el barrio de Salamanca, en pleno coraz\u00f3n de Madrid. Nuestro equipo docente est\u00e1 formado por profesionales de la ense\u00f1anza que conocen, valoran y respetan el Ideario del Centro.\" \/>\n<meta name=\"robots\" content=\"index, follow, max-snippet:-1, max-image-preview:large, max-video-preview:-1\" \/>\n<link rel=\"canonical\" href=\"https:\/\/santabernardita.es\/index.php\/2026\/02\/23\/admisines-2026-2027-para-el-ii-ciclo-de-ed-infantil-etapa-concertada\/\" \/>\n<meta property=\"og:locale\" content=\"es_ES\" \/>\n<meta property=\"og:type\" content=\"article\" \/>\n<meta property=\"og:title\" content=\"ADMISIONES 2026-2027 PARA EL II CICLO DE ED. INFANTIL (Etapa Concertada) - Colegio Santa Bernardita\" \/>\n<meta property=\"og:description\" content=\"Somos un Colegio de Educaci\u00f3n Infantil confesional cat\u00f3lico, que pertenece a la Congregaci\u00f3n de las Hermanas Religiosas de la Caridad de Nevers. Nos encontramos en el barrio de Salamanca, en pleno coraz\u00f3n de Madrid. Nuestro equipo docente est\u00e1 formado por profesionales de la ense\u00f1anza que conocen, valoran y respetan el Ideario del Centro.\" \/>\n<meta property=\"og:url\" content=\"https:\/\/santabernardita.es\/index.php\/2026\/02\/23\/admisines-2026-2027-para-el-ii-ciclo-de-ed-infantil-etapa-concertada\/\" \/>\n<meta property=\"og:site_name\" content=\"Colegio Santa Bernardita\" \/>\n<meta property=\"article:published_time\" content=\"2026-02-23T14:56:47+00:00\" \/>\n<meta property=\"article:modified_time\" content=\"2026-03-10T09:01:07+00:00\" \/>\n<meta property=\"og:image\" content=\"https:\/\/santabernardita.es\/wp-content\/uploads\/2024\/03\/MATRICULACIONES.jpg\" \/>\n\t<meta property=\"og:image:width\" content=\"1080\" \/>\n\t<meta property=\"og:image:height\" content=\"1350\" \/>\n\t<meta property=\"og:image:type\" content=\"image\/jpeg\" \/>\n<meta name=\"author\" content=\"Santa Bernardita\" \/>\n<meta name=\"twitter:card\" content=\"summary_large_image\" \/>\n<meta name=\"twitter:label1\" content=\"Escrito por\" \/>\n\t<meta name=\"twitter:data1\" content=\"Santa Bernardita\" \/>\n\t<meta name=\"twitter:label2\" content=\"Tiempo de lectura\" \/>\n\t<meta name=\"twitter:data2\" content=\"3 minutos\" \/>\n<script type=\"application\/ld+json\" class=\"yoast-schema-graph\">{\"@context\":\"https:\/\/schema.org\",\"@graph\":[{\"@type\":\"WebPage\",\"@id\":\"https:\/\/santabernardita.es\/index.php\/2026\/02\/23\/admisines-2026-2027-para-el-ii-ciclo-de-ed-infantil-etapa-concertada\/\",\"url\":\"https:\/\/santabernardita.es\/index.php\/2026\/02\/23\/admisines-2026-2027-para-el-ii-ciclo-de-ed-infantil-etapa-concertada\/\",\"name\":\"ADMISIONES 2026-2027 PARA EL II CICLO DE ED. INFANTIL (Etapa Concertada) - Colegio Santa Bernardita\",\"isPartOf\":{\"@id\":\"https:\/\/santabernardita.es\/#website\"},\"primaryImageOfPage\":{\"@id\":\"https:\/\/santabernardita.es\/index.php\/2026\/02\/23\/admisines-2026-2027-para-el-ii-ciclo-de-ed-infantil-etapa-concertada\/#primaryimage\"},\"image\":{\"@id\":\"https:\/\/santabernardita.es\/index.php\/2026\/02\/23\/admisines-2026-2027-para-el-ii-ciclo-de-ed-infantil-etapa-concertada\/#primaryimage\"},\"thumbnailUrl\":\"https:\/\/santabernardita.es\/wp-content\/uploads\/2024\/03\/MATRICULACIONES.jpg\",\"datePublished\":\"2026-02-23T14:56:47+00:00\",\"dateModified\":\"2026-03-10T09:01:07+00:00\",\"author\":{\"@id\":\"https:\/\/santabernardita.es\/#\/schema\/person\/312070e4a4a073ab9f474edb86c9a65c\"},\"description\":\"Somos un Colegio de Educaci\u00f3n Infantil confesional cat\u00f3lico, que pertenece a la Congregaci\u00f3n de las Hermanas Religiosas de la Caridad de Nevers. Nos encontramos en el barrio de Salamanca, en pleno coraz\u00f3n de Madrid. Nuestro equipo docente est\u00e1 formado por profesionales de la ense\u00f1anza que conocen, valoran y respetan el Ideario del Centro.\",\"breadcrumb\":{\"@id\":\"https:\/\/santabernardita.es\/index.php\/2026\/02\/23\/admisines-2026-2027-para-el-ii-ciclo-de-ed-infantil-etapa-concertada\/#breadcrumb\"},\"inLanguage\":\"es\",\"potentialAction\":[{\"@type\":\"ReadAction\",\"target\":[\"https:\/\/santabernardita.es\/index.php\/2026\/02\/23\/admisines-2026-2027-para-el-ii-ciclo-de-ed-infantil-etapa-concertada\/\"]}]},{\"@type\":\"ImageObject\",\"inLanguage\":\"es\",\"@id\":\"https:\/\/santabernardita.es\/index.php\/2026\/02\/23\/admisines-2026-2027-para-el-ii-ciclo-de-ed-infantil-etapa-concertada\/#primaryimage\",\"url\":\"https:\/\/santabernardita.es\/wp-content\/uploads\/2024\/03\/MATRICULACIONES.jpg\",\"contentUrl\":\"https:\/\/santabernardita.es\/wp-content\/uploads\/2024\/03\/MATRICULACIONES.jpg\",\"width\":1080,\"height\":1350},{\"@type\":\"BreadcrumbList\",\"@id\":\"https:\/\/santabernardita.es\/index.php\/2026\/02\/23\/admisines-2026-2027-para-el-ii-ciclo-de-ed-infantil-etapa-concertada\/#breadcrumb\",\"itemListElement\":[{\"@type\":\"ListItem\",\"position\":1,\"name\":\"Portada\",\"item\":\"https:\/\/santabernardita.es\/\"},{\"@type\":\"ListItem\",\"position\":2,\"name\":\"ADMISIONES 2026-2027 PARA EL II CICLO DE ED. INFANTIL (Etapa Concertada)\"}]},{\"@type\":\"WebSite\",\"@id\":\"https:\/\/santabernardita.es\/#website\",\"url\":\"https:\/\/santabernardita.es\/\",\"name\":\"Colegio Santa Bernardita\",\"description\":\"Santa Bernardita\",\"potentialAction\":[{\"@type\":\"SearchAction\",\"target\":{\"@type\":\"EntryPoint\",\"urlTemplate\":\"https:\/\/santabernardita.es\/?s={search_term_string}\"},\"query-input\":{\"@type\":\"PropertyValueSpecification\",\"valueRequired\":true,\"valueName\":\"search_term_string\"}}],\"inLanguage\":\"es\"},{\"@type\":\"Person\",\"@id\":\"https:\/\/santabernardita.es\/#\/schema\/person\/312070e4a4a073ab9f474edb86c9a65c\",\"name\":\"Santa Bernardita\",\"image\":{\"@type\":\"ImageObject\",\"inLanguage\":\"es\",\"@id\":\"https:\/\/santabernardita.es\/#\/schema\/person\/image\/\",\"url\":\"https:\/\/secure.gravatar.com\/avatar\/0418bd799936a0d15814232d199256fd43108f6436b634cb4e5ea0fc3073cbeb?s=96&d=mm&r=g\",\"contentUrl\":\"https:\/\/secure.gravatar.com\/avatar\/0418bd799936a0d15814232d199256fd43108f6436b634cb4e5ea0fc3073cbeb?s=96&d=mm&r=g\",\"caption\":\"Santa Bernardita\"},\"sameAs\":[\"http:\/\/www.santabernardita.es\"]}]}<\/script>\n<!-- \/ Yoast SEO plugin. -->","yoast_head_json":{"title":"ADMISIONES 2026-2027 PARA EL II CICLO DE ED. INFANTIL (Etapa Concertada) - Colegio Santa Bernardita","description":"Somos un Colegio de Educaci\u00f3n Infantil confesional cat\u00f3lico, que pertenece a la Congregaci\u00f3n de las Hermanas Religiosas de la Caridad de Nevers. Nos encontramos en el barrio de Salamanca, en pleno coraz\u00f3n de Madrid. Nuestro equipo docente est\u00e1 formado por profesionales de la ense\u00f1anza que conocen, valoran y respetan el Ideario del Centro.","robots":{"index":"index","follow":"follow","max-snippet":"max-snippet:-1","max-image-preview":"max-image-preview:large","max-video-preview":"max-video-preview:-1"},"canonical":"https:\/\/santabernardita.es\/index.php\/2026\/02\/23\/admisines-2026-2027-para-el-ii-ciclo-de-ed-infantil-etapa-concertada\/","og_locale":"es_ES","og_type":"article","og_title":"ADMISIONES 2026-2027 PARA EL II CICLO DE ED. INFANTIL (Etapa Concertada) - Colegio Santa Bernardita","og_description":"Somos un Colegio de Educaci\u00f3n Infantil confesional cat\u00f3lico, que pertenece a la Congregaci\u00f3n de las Hermanas Religiosas de la Caridad de Nevers. Nos encontramos en el barrio de Salamanca, en pleno coraz\u00f3n de Madrid. Nuestro equipo docente est\u00e1 formado por profesionales de la ense\u00f1anza que conocen, valoran y respetan el Ideario del Centro.","og_url":"https:\/\/santabernardita.es\/index.php\/2026\/02\/23\/admisines-2026-2027-para-el-ii-ciclo-de-ed-infantil-etapa-concertada\/","og_site_name":"Colegio Santa Bernardita","article_published_time":"2026-02-23T14:56:47+00:00","article_modified_time":"2026-03-10T09:01:07+00:00","og_image":[{"width":1080,"height":1350,"url":"https:\/\/santabernardita.es\/wp-content\/uploads\/2024\/03\/MATRICULACIONES.jpg","type":"image\/jpeg"}],"author":"Santa Bernardita","twitter_card":"summary_large_image","twitter_misc":{"Escrito por":"Santa Bernardita","Tiempo de lectura":"3 minutos"},"schema":{"@context":"https:\/\/schema.org","@graph":[{"@type":"WebPage","@id":"https:\/\/santabernardita.es\/index.php\/2026\/02\/23\/admisines-2026-2027-para-el-ii-ciclo-de-ed-infantil-etapa-concertada\/","url":"https:\/\/santabernardita.es\/index.php\/2026\/02\/23\/admisines-2026-2027-para-el-ii-ciclo-de-ed-infantil-etapa-concertada\/","name":"ADMISIONES 2026-2027 PARA EL II CICLO DE ED. INFANTIL (Etapa Concertada) - Colegio Santa Bernardita","isPartOf":{"@id":"https:\/\/santabernardita.es\/#website"},"primaryImageOfPage":{"@id":"https:\/\/santabernardita.es\/index.php\/2026\/02\/23\/admisines-2026-2027-para-el-ii-ciclo-de-ed-infantil-etapa-concertada\/#primaryimage"},"image":{"@id":"https:\/\/santabernardita.es\/index.php\/2026\/02\/23\/admisines-2026-2027-para-el-ii-ciclo-de-ed-infantil-etapa-concertada\/#primaryimage"},"thumbnailUrl":"https:\/\/santabernardita.es\/wp-content\/uploads\/2024\/03\/MATRICULACIONES.jpg","datePublished":"2026-02-23T14:56:47+00:00","dateModified":"2026-03-10T09:01:07+00:00","author":{"@id":"https:\/\/santabernardita.es\/#\/schema\/person\/312070e4a4a073ab9f474edb86c9a65c"},"description":"Somos un Colegio de Educaci\u00f3n Infantil confesional cat\u00f3lico, que pertenece a la Congregaci\u00f3n de las Hermanas Religiosas de la Caridad de Nevers. Nos encontramos en el barrio de Salamanca, en pleno coraz\u00f3n de Madrid. Nuestro equipo docente est\u00e1 formado por profesionales de la ense\u00f1anza que conocen, valoran y respetan el Ideario del Centro.","breadcrumb":{"@id":"https:\/\/santabernardita.es\/index.php\/2026\/02\/23\/admisines-2026-2027-para-el-ii-ciclo-de-ed-infantil-etapa-concertada\/#breadcrumb"},"inLanguage":"es","potentialAction":[{"@type":"ReadAction","target":["https:\/\/santabernardita.es\/index.php\/2026\/02\/23\/admisines-2026-2027-para-el-ii-ciclo-de-ed-infantil-etapa-concertada\/"]}]},{"@type":"ImageObject","inLanguage":"es","@id":"https:\/\/santabernardita.es\/index.php\/2026\/02\/23\/admisines-2026-2027-para-el-ii-ciclo-de-ed-infantil-etapa-concertada\/#primaryimage","url":"https:\/\/santabernardita.es\/wp-content\/uploads\/2024\/03\/MATRICULACIONES.jpg","contentUrl":"https:\/\/santabernardita.es\/wp-content\/uploads\/2024\/03\/MATRICULACIONES.jpg","width":1080,"height":1350},{"@type":"BreadcrumbList","@id":"https:\/\/santabernardita.es\/index.php\/2026\/02\/23\/admisines-2026-2027-para-el-ii-ciclo-de-ed-infantil-etapa-concertada\/#breadcrumb","itemListElement":[{"@type":"ListItem","position":1,"name":"Portada","item":"https:\/\/santabernardita.es\/"},{"@type":"ListItem","position":2,"name":"ADMISIONES 2026-2027 PARA EL II CICLO DE ED. INFANTIL (Etapa Concertada)"}]},{"@type":"WebSite","@id":"https:\/\/santabernardita.es\/#website","url":"https:\/\/santabernardita.es\/","name":"Colegio Santa Bernardita","description":"Santa Bernardita","potentialAction":[{"@type":"SearchAction","target":{"@type":"EntryPoint","urlTemplate":"https:\/\/santabernardita.es\/?s={search_term_string}"},"query-input":{"@type":"PropertyValueSpecification","valueRequired":true,"valueName":"search_term_string"}}],"inLanguage":"es"},{"@type":"Person","@id":"https:\/\/santabernardita.es\/#\/schema\/person\/312070e4a4a073ab9f474edb86c9a65c","name":"Santa Bernardita","image":{"@type":"ImageObject","inLanguage":"es","@id":"https:\/\/santabernardita.es\/#\/schema\/person\/image\/","url":"https:\/\/secure.gravatar.com\/avatar\/0418bd799936a0d15814232d199256fd43108f6436b634cb4e5ea0fc3073cbeb?s=96&d=mm&r=g","contentUrl":"https:\/\/secure.gravatar.com\/avatar\/0418bd799936a0d15814232d199256fd43108f6436b634cb4e5ea0fc3073cbeb?s=96&d=mm&r=g","caption":"Santa Bernardita"},"sameAs":["http:\/\/www.santabernardita.es"]}]}},"_links":{"self":[{"href":"https:\/\/santabernardita.es\/index.php\/wp-json\/wp\/v2\/posts\/1467","targetHints":{"allow":["GET"]}}],"collection":[{"href":"https:\/\/santabernardita.es\/index.php\/wp-json\/wp\/v2\/posts"}],"about":[{"href":"https:\/\/santabernardita.es\/index.php\/wp-json\/wp\/v2\/types\/post"}],"author":[{"embeddable":true,"href":"https:\/\/santabernardita.es\/index.php\/wp-json\/wp\/v2\/users\/4"}],"replies":[{"embeddable":true,"href":"https:\/\/santabernardita.es\/index.php\/wp-json\/wp\/v2\/comments?post=1467"}],"version-history":[{"count":46,"href":"https:\/\/santabernardita.es\/index.php\/wp-json\/wp\/v2\/posts\/1467\/revisions"}],"predecessor-version":[{"id":2254,"href":"https:\/\/santabernardita.es\/index.php\/wp-json\/wp\/v2\/posts\/1467\/revisions\/2254"}],"wp:featuredmedia":[{"embeddable":true,"href":"https:\/\/santabernardita.es\/index.php\/wp-json\/wp\/v2\/media\/1940"}],"wp:attachment":[{"href":"https:\/\/santabernardita.es\/index.php\/wp-json\/wp\/v2\/media?parent=1467"}],"wp:term":[{"taxonomy":"category","embeddable":true,"href":"https:\/\/santabernardita.es\/index.php\/wp-json\/wp\/v2\/categories?post=1467"},{"taxonomy":"post_tag","embeddable":true,"href":"https:\/\/santabernardita.es\/index.php\/wp-json\/wp\/v2\/tags?post=1467"}],"curies":[{"name":"wp","href":"https:\/\/api.w.org\/{rel}","templated":true}]}}