{"id":1831,"date":"2025-11-21T08:59:30","date_gmt":"2025-11-21T08:59:30","guid":{"rendered":"https:\/\/santabernardita.es\/?p=1831"},"modified":"2025-11-21T09:13:58","modified_gmt":"2025-11-21T09:13:58","slug":"preinscripcion-primer-ciclo-ed-infantil-para-el-curso-2025-2026","status":"publish","type":"post","link":"https:\/\/santabernardita.es\/index.php\/2025\/11\/21\/preinscripcion-primer-ciclo-ed-infantil-para-el-curso-2025-2026\/","title":{"rendered":"PREINSCRIPCI\u00d3N PRIMER CICLO ED. INFANTIL PARA EL CURSO 2025-2026"},"content":{"rendered":"<p>Abierto el periodo de preinscripci\u00f3n del <strong>Primer Ciclo de Ed. infantil (nacidos en el 2023 y 2024) para\u00a0 curso 2025-2026\u00a0 <\/strong><span style=\"color: #0000ff;\"><strong>.<\/strong><\/span><\/p>\n<p>No es necesario presentar documentaci\u00f3n. Se les solicitaran los siguientes datos:<\/p>\n<p>Apellidos y nombre del ni\u00f1o\/a, fecha de nacimiento, nombre de padres o tutores legales, correos electr\u00f3nicos y tel\u00e9fonos de contacto.<\/p>\n<p>El horario de secretar\u00eda para preinscribirse es de <strong>9:00h a 12:30h\u00a0\u00a0<\/strong><\/p>\n","protected":false},"excerpt":{"rendered":"<p>Abierto el periodo de preinscripci\u00f3n del Primer Ciclo de Ed. [&hellip;]<\/p>\n","protected":false},"author":4,"featured_media":0,"comment_status":"closed","ping_status":"closed","sticky":false,"template":"","format":"standard","meta":{"footnotes":""},"categories":[2],"tags":[],"class_list":["post-1831","post","type-post","status-publish","format-standard","hentry","category-avisos"],"yoast_head":"<!-- This site is optimized with the Yoast SEO plugin v24.2 - https:\/\/yoast.com\/wordpress\/plugins\/seo\/ -->\n<title>PREINSCRIPCI\u00d3N PRIMER CICLO ED. INFANTIL PARA EL CURSO 2025-2026 - Colegio Santa Bernardita<\/title>\n<meta name=\"description\" content=\"Somos un Colegio de Educaci\u00f3n Infantil confesional cat\u00f3lico, que pertenece a la Congregaci\u00f3n de las Hermanas Religiosas de la Caridad de Nevers. Nos encontramos en el barrio de Salamanca, en pleno coraz\u00f3n de Madrid. Nuestro equipo docente est\u00e1 formado por profesionales de la ense\u00f1anza que conocen, valoran y respetan el Ideario del Centro.\" \/>\n<meta name=\"robots\" content=\"index, follow, max-snippet:-1, max-image-preview:large, max-video-preview:-1\" \/>\n<link rel=\"canonical\" href=\"https:\/\/santabernardita.es\/index.php\/2025\/11\/21\/preinscripcion-primer-ciclo-ed-infantil-para-el-curso-2025-2026\/\" \/>\n<meta property=\"og:locale\" content=\"es_ES\" \/>\n<meta property=\"og:type\" content=\"article\" \/>\n<meta property=\"og:title\" content=\"PREINSCRIPCI\u00d3N PRIMER CICLO ED. INFANTIL PARA EL CURSO 2025-2026 - Colegio Santa Bernardita\" \/>\n<meta property=\"og:description\" content=\"Somos un Colegio de Educaci\u00f3n Infantil confesional cat\u00f3lico, que pertenece a la Congregaci\u00f3n de las Hermanas Religiosas de la Caridad de Nevers. Nos encontramos en el barrio de Salamanca, en pleno coraz\u00f3n de Madrid. Nuestro equipo docente est\u00e1 formado por profesionales de la ense\u00f1anza que conocen, valoran y respetan el Ideario del Centro.\" \/>\n<meta property=\"og:url\" content=\"https:\/\/santabernardita.es\/index.php\/2025\/11\/21\/preinscripcion-primer-ciclo-ed-infantil-para-el-curso-2025-2026\/\" \/>\n<meta property=\"og:site_name\" content=\"Colegio Santa Bernardita\" \/>\n<meta property=\"article:published_time\" content=\"2025-11-21T08:59:30+00:00\" \/>\n<meta property=\"article:modified_time\" content=\"2025-11-21T09:13:58+00:00\" \/>\n<meta name=\"author\" content=\"Santa Bernardita\" \/>\n<meta name=\"twitter:card\" content=\"summary_large_image\" \/>\n<meta name=\"twitter:label1\" content=\"Escrito por\" \/>\n\t<meta name=\"twitter:data1\" content=\"Santa Bernardita\" \/>\n\t<meta name=\"twitter:label2\" content=\"Tiempo de lectura\" \/>\n\t<meta name=\"twitter:data2\" content=\"1 minuto\" \/>\n<script type=\"application\/ld+json\" class=\"yoast-schema-graph\">{\"@context\":\"https:\/\/schema.org\",\"@graph\":[{\"@type\":\"WebPage\",\"@id\":\"https:\/\/santabernardita.es\/index.php\/2025\/11\/21\/preinscripcion-primer-ciclo-ed-infantil-para-el-curso-2025-2026\/\",\"url\":\"https:\/\/santabernardita.es\/index.php\/2025\/11\/21\/preinscripcion-primer-ciclo-ed-infantil-para-el-curso-2025-2026\/\",\"name\":\"PREINSCRIPCI\u00d3N PRIMER CICLO ED. INFANTIL PARA EL CURSO 2025-2026 - Colegio Santa Bernardita\",\"isPartOf\":{\"@id\":\"https:\/\/santabernardita.es\/#website\"},\"datePublished\":\"2025-11-21T08:59:30+00:00\",\"dateModified\":\"2025-11-21T09:13:58+00:00\",\"author\":{\"@id\":\"https:\/\/santabernardita.es\/#\/schema\/person\/312070e4a4a073ab9f474edb86c9a65c\"},\"description\":\"Somos un Colegio de Educaci\u00f3n Infantil confesional cat\u00f3lico, que pertenece a la Congregaci\u00f3n de las Hermanas Religiosas de la Caridad de Nevers. Nos encontramos en el barrio de Salamanca, en pleno coraz\u00f3n de Madrid. Nuestro equipo docente est\u00e1 formado por profesionales de la ense\u00f1anza que conocen, valoran y respetan el Ideario del Centro.\",\"breadcrumb\":{\"@id\":\"https:\/\/santabernardita.es\/index.php\/2025\/11\/21\/preinscripcion-primer-ciclo-ed-infantil-para-el-curso-2025-2026\/#breadcrumb\"},\"inLanguage\":\"es\",\"potentialAction\":[{\"@type\":\"ReadAction\",\"target\":[\"https:\/\/santabernardita.es\/index.php\/2025\/11\/21\/preinscripcion-primer-ciclo-ed-infantil-para-el-curso-2025-2026\/\"]}]},{\"@type\":\"BreadcrumbList\",\"@id\":\"https:\/\/santabernardita.es\/index.php\/2025\/11\/21\/preinscripcion-primer-ciclo-ed-infantil-para-el-curso-2025-2026\/#breadcrumb\",\"itemListElement\":[{\"@type\":\"ListItem\",\"position\":1,\"name\":\"Portada\",\"item\":\"https:\/\/santabernardita.es\/\"},{\"@type\":\"ListItem\",\"position\":2,\"name\":\"PREINSCRIPCI\u00d3N PRIMER CICLO ED. INFANTIL PARA EL CURSO 2025-2026\"}]},{\"@type\":\"WebSite\",\"@id\":\"https:\/\/santabernardita.es\/#website\",\"url\":\"https:\/\/santabernardita.es\/\",\"name\":\"Colegio Santa Bernardita\",\"description\":\"Santa Bernardita\",\"potentialAction\":[{\"@type\":\"SearchAction\",\"target\":{\"@type\":\"EntryPoint\",\"urlTemplate\":\"https:\/\/santabernardita.es\/?s={search_term_string}\"},\"query-input\":{\"@type\":\"PropertyValueSpecification\",\"valueRequired\":true,\"valueName\":\"search_term_string\"}}],\"inLanguage\":\"es\"},{\"@type\":\"Person\",\"@id\":\"https:\/\/santabernardita.es\/#\/schema\/person\/312070e4a4a073ab9f474edb86c9a65c\",\"name\":\"Santa Bernardita\",\"image\":{\"@type\":\"ImageObject\",\"inLanguage\":\"es\",\"@id\":\"https:\/\/santabernardita.es\/#\/schema\/person\/image\/\",\"url\":\"https:\/\/secure.gravatar.com\/avatar\/0418bd799936a0d15814232d199256fd43108f6436b634cb4e5ea0fc3073cbeb?s=96&d=mm&r=g\",\"contentUrl\":\"https:\/\/secure.gravatar.com\/avatar\/0418bd799936a0d15814232d199256fd43108f6436b634cb4e5ea0fc3073cbeb?s=96&d=mm&r=g\",\"caption\":\"Santa Bernardita\"},\"sameAs\":[\"http:\/\/www.santabernardita.es\"]}]}<\/script>\n<!-- \/ Yoast SEO plugin. -->","yoast_head_json":{"title":"PREINSCRIPCI\u00d3N PRIMER CICLO ED. INFANTIL PARA EL CURSO 2025-2026 - Colegio Santa Bernardita","description":"Somos un Colegio de Educaci\u00f3n Infantil confesional cat\u00f3lico, que pertenece a la Congregaci\u00f3n de las Hermanas Religiosas de la Caridad de Nevers. Nos encontramos en el barrio de Salamanca, en pleno coraz\u00f3n de Madrid. Nuestro equipo docente est\u00e1 formado por profesionales de la ense\u00f1anza que conocen, valoran y respetan el Ideario del Centro.","robots":{"index":"index","follow":"follow","max-snippet":"max-snippet:-1","max-image-preview":"max-image-preview:large","max-video-preview":"max-video-preview:-1"},"canonical":"https:\/\/santabernardita.es\/index.php\/2025\/11\/21\/preinscripcion-primer-ciclo-ed-infantil-para-el-curso-2025-2026\/","og_locale":"es_ES","og_type":"article","og_title":"PREINSCRIPCI\u00d3N PRIMER CICLO ED. INFANTIL PARA EL CURSO 2025-2026 - Colegio Santa Bernardita","og_description":"Somos un Colegio de Educaci\u00f3n Infantil confesional cat\u00f3lico, que pertenece a la Congregaci\u00f3n de las Hermanas Religiosas de la Caridad de Nevers. Nos encontramos en el barrio de Salamanca, en pleno coraz\u00f3n de Madrid. Nuestro equipo docente est\u00e1 formado por profesionales de la ense\u00f1anza que conocen, valoran y respetan el Ideario del Centro.","og_url":"https:\/\/santabernardita.es\/index.php\/2025\/11\/21\/preinscripcion-primer-ciclo-ed-infantil-para-el-curso-2025-2026\/","og_site_name":"Colegio Santa Bernardita","article_published_time":"2025-11-21T08:59:30+00:00","article_modified_time":"2025-11-21T09:13:58+00:00","author":"Santa Bernardita","twitter_card":"summary_large_image","twitter_misc":{"Escrito por":"Santa Bernardita","Tiempo de lectura":"1 minuto"},"schema":{"@context":"https:\/\/schema.org","@graph":[{"@type":"WebPage","@id":"https:\/\/santabernardita.es\/index.php\/2025\/11\/21\/preinscripcion-primer-ciclo-ed-infantil-para-el-curso-2025-2026\/","url":"https:\/\/santabernardita.es\/index.php\/2025\/11\/21\/preinscripcion-primer-ciclo-ed-infantil-para-el-curso-2025-2026\/","name":"PREINSCRIPCI\u00d3N PRIMER CICLO ED. INFANTIL PARA EL CURSO 2025-2026 - Colegio Santa Bernardita","isPartOf":{"@id":"https:\/\/santabernardita.es\/#website"},"datePublished":"2025-11-21T08:59:30+00:00","dateModified":"2025-11-21T09:13:58+00:00","author":{"@id":"https:\/\/santabernardita.es\/#\/schema\/person\/312070e4a4a073ab9f474edb86c9a65c"},"description":"Somos un Colegio de Educaci\u00f3n Infantil confesional cat\u00f3lico, que pertenece a la Congregaci\u00f3n de las Hermanas Religiosas de la Caridad de Nevers. Nos encontramos en el barrio de Salamanca, en pleno coraz\u00f3n de Madrid. Nuestro equipo docente est\u00e1 formado por profesionales de la ense\u00f1anza que conocen, valoran y respetan el Ideario del Centro.","breadcrumb":{"@id":"https:\/\/santabernardita.es\/index.php\/2025\/11\/21\/preinscripcion-primer-ciclo-ed-infantil-para-el-curso-2025-2026\/#breadcrumb"},"inLanguage":"es","potentialAction":[{"@type":"ReadAction","target":["https:\/\/santabernardita.es\/index.php\/2025\/11\/21\/preinscripcion-primer-ciclo-ed-infantil-para-el-curso-2025-2026\/"]}]},{"@type":"BreadcrumbList","@id":"https:\/\/santabernardita.es\/index.php\/2025\/11\/21\/preinscripcion-primer-ciclo-ed-infantil-para-el-curso-2025-2026\/#breadcrumb","itemListElement":[{"@type":"ListItem","position":1,"name":"Portada","item":"https:\/\/santabernardita.es\/"},{"@type":"ListItem","position":2,"name":"PREINSCRIPCI\u00d3N PRIMER CICLO ED. INFANTIL PARA EL CURSO 2025-2026"}]},{"@type":"WebSite","@id":"https:\/\/santabernardita.es\/#website","url":"https:\/\/santabernardita.es\/","name":"Colegio Santa Bernardita","description":"Santa Bernardita","potentialAction":[{"@type":"SearchAction","target":{"@type":"EntryPoint","urlTemplate":"https:\/\/santabernardita.es\/?s={search_term_string}"},"query-input":{"@type":"PropertyValueSpecification","valueRequired":true,"valueName":"search_term_string"}}],"inLanguage":"es"},{"@type":"Person","@id":"https:\/\/santabernardita.es\/#\/schema\/person\/312070e4a4a073ab9f474edb86c9a65c","name":"Santa Bernardita","image":{"@type":"ImageObject","inLanguage":"es","@id":"https:\/\/santabernardita.es\/#\/schema\/person\/image\/","url":"https:\/\/secure.gravatar.com\/avatar\/0418bd799936a0d15814232d199256fd43108f6436b634cb4e5ea0fc3073cbeb?s=96&d=mm&r=g","contentUrl":"https:\/\/secure.gravatar.com\/avatar\/0418bd799936a0d15814232d199256fd43108f6436b634cb4e5ea0fc3073cbeb?s=96&d=mm&r=g","caption":"Santa Bernardita"},"sameAs":["http:\/\/www.santabernardita.es"]}]}},"_links":{"self":[{"href":"https:\/\/santabernardita.es\/index.php\/wp-json\/wp\/v2\/posts\/1831","targetHints":{"allow":["GET"]}}],"collection":[{"href":"https:\/\/santabernardita.es\/index.php\/wp-json\/wp\/v2\/posts"}],"about":[{"href":"https:\/\/santabernardita.es\/index.php\/wp-json\/wp\/v2\/types\/post"}],"author":[{"embeddable":true,"href":"https:\/\/santabernardita.es\/index.php\/wp-json\/wp\/v2\/users\/4"}],"replies":[{"embeddable":true,"href":"https:\/\/santabernardita.es\/index.php\/wp-json\/wp\/v2\/comments?post=1831"}],"version-history":[{"count":6,"href":"https:\/\/santabernardita.es\/index.php\/wp-json\/wp\/v2\/posts\/1831\/revisions"}],"predecessor-version":[{"id":1907,"href":"https:\/\/santabernardita.es\/index.php\/wp-json\/wp\/v2\/posts\/1831\/revisions\/1907"}],"wp:attachment":[{"href":"https:\/\/santabernardita.es\/index.php\/wp-json\/wp\/v2\/media?parent=1831"}],"wp:term":[{"taxonomy":"category","embeddable":true,"href":"https:\/\/santabernardita.es\/index.php\/wp-json\/wp\/v2\/categories?post=1831"},{"taxonomy":"post_tag","embeddable":true,"href":"https:\/\/santabernardita.es\/index.php\/wp-json\/wp\/v2\/tags?post=1831"}],"curies":[{"name":"wp","href":"https:\/\/api.w.org\/{rel}","templated":true}]}}