{"id":2011,"date":"2025-03-09T15:53:42","date_gmt":"2025-03-09T15:53:42","guid":{"rendered":"https:\/\/santabernardita.es\/?p=2011"},"modified":"2025-03-09T15:53:44","modified_gmt":"2025-03-09T15:53:44","slug":"dia-de-santa-bernardita","status":"publish","type":"post","link":"https:\/\/santabernardita.es\/index.php\/2025\/03\/09\/dia-de-santa-bernardita\/","title":{"rendered":"D\u00cdA DE SANTA BERNARDITA"},"content":{"rendered":"\n<p>Nuestra patrona, Bernadette Soubirous, una ni\u00f1a pobre de Lourdes que tuvo el privilegio del encuentro con Mar\u00eda vivi\u00f3 intensamente el \u201camor y la ternura\u201d hacia los dem\u00e1s inculcado por Juan Bautista Delaveyne, fundador de las Hermanas de la Caridad de Nevers.\u00a0este \u201camor y ternura\u201d recibido como herencia y, toda su actividad se nutre de ella transmiti\u00e9ndolo as\u00ed a los alumnos\/as, a los padres y al entorno social.\u00a0\u00a0<\/p>\n\n\n\n<figure class=\"wp-block-image\"><img loading=\"lazy\" decoding=\"async\" width=\"2000\" height=\"1414\" src=\"https:\/\/santabernardita.es\/wp-content\/uploads\/2025\/03\/Documento-A4-Horizontal-Borde-Hoja-de-Papel-Floreado-Rosado-3.png\" alt=\"\" class=\"wp-image-2012\" srcset=\"https:\/\/santabernardita.es\/wp-content\/uploads\/2025\/03\/Documento-A4-Horizontal-Borde-Hoja-de-Papel-Floreado-Rosado-3-200x141.png 200w, https:\/\/santabernardita.es\/wp-content\/uploads\/2025\/03\/Documento-A4-Horizontal-Borde-Hoja-de-Papel-Floreado-Rosado-3-300x212.png 300w, https:\/\/santabernardita.es\/wp-content\/uploads\/2025\/03\/Documento-A4-Horizontal-Borde-Hoja-de-Papel-Floreado-Rosado-3-400x283.png 400w, https:\/\/santabernardita.es\/wp-content\/uploads\/2025\/03\/Documento-A4-Horizontal-Borde-Hoja-de-Papel-Floreado-Rosado-3-600x424.png 600w, https:\/\/santabernardita.es\/wp-content\/uploads\/2025\/03\/Documento-A4-Horizontal-Borde-Hoja-de-Papel-Floreado-Rosado-3-768x543.png 768w, https:\/\/santabernardita.es\/wp-content\/uploads\/2025\/03\/Documento-A4-Horizontal-Borde-Hoja-de-Papel-Floreado-Rosado-3-800x566.png 800w, https:\/\/santabernardita.es\/wp-content\/uploads\/2025\/03\/Documento-A4-Horizontal-Borde-Hoja-de-Papel-Floreado-Rosado-3-1024x724.png 1024w, https:\/\/santabernardita.es\/wp-content\/uploads\/2025\/03\/Documento-A4-Horizontal-Borde-Hoja-de-Papel-Floreado-Rosado-3-1200x848.png 1200w, https:\/\/santabernardita.es\/wp-content\/uploads\/2025\/03\/Documento-A4-Horizontal-Borde-Hoja-de-Papel-Floreado-Rosado-3-1536x1086.png 1536w, https:\/\/santabernardita.es\/wp-content\/uploads\/2025\/03\/Documento-A4-Horizontal-Borde-Hoja-de-Papel-Floreado-Rosado-3.png 2000w\" sizes=\"auto, (max-width: 2000px) 100vw, 2000px\" \/><\/figure>\n","protected":false},"excerpt":{"rendered":"<p>Nuestra patrona, Bernadette Soubirous, una ni\u00f1a pobre de Lourdes que [&hellip;]<\/p>\n","protected":false},"author":5,"featured_media":2013,"comment_status":"closed","ping_status":"closed","sticky":false,"template":"","format":"standard","meta":{"footnotes":""},"categories":[1],"tags":[],"class_list":["post-2011","post","type-post","status-publish","format-standard","has-post-thumbnail","hentry","category-sin-categoria"],"yoast_head":"<!-- This site is optimized with the Yoast SEO plugin v24.2 - https:\/\/yoast.com\/wordpress\/plugins\/seo\/ -->\n<title>D\u00cdA DE SANTA BERNARDITA - Colegio Santa Bernardita<\/title>\n<meta name=\"description\" content=\"Somos un Colegio de Educaci\u00f3n Infantil confesional cat\u00f3lico, que pertenece a la Congregaci\u00f3n de las Hermanas Religiosas de la Caridad de Nevers. Nos encontramos en el barrio de Salamanca, en pleno coraz\u00f3n de Madrid. Nuestro equipo docente est\u00e1 formado por profesionales de la ense\u00f1anza que conocen, valoran y respetan el Ideario del Centro.\" \/>\n<meta name=\"robots\" content=\"index, follow, max-snippet:-1, max-image-preview:large, max-video-preview:-1\" \/>\n<link rel=\"canonical\" href=\"https:\/\/santabernardita.es\/index.php\/2025\/03\/09\/dia-de-santa-bernardita\/\" \/>\n<meta property=\"og:locale\" content=\"es_ES\" \/>\n<meta property=\"og:type\" content=\"article\" \/>\n<meta property=\"og:title\" content=\"D\u00cdA DE SANTA BERNARDITA - Colegio Santa Bernardita\" \/>\n<meta property=\"og:description\" content=\"Somos un Colegio de Educaci\u00f3n Infantil confesional cat\u00f3lico, que pertenece a la Congregaci\u00f3n de las Hermanas Religiosas de la Caridad de Nevers. Nos encontramos en el barrio de Salamanca, en pleno coraz\u00f3n de Madrid. Nuestro equipo docente est\u00e1 formado por profesionales de la ense\u00f1anza que conocen, valoran y respetan el Ideario del Centro.\" \/>\n<meta property=\"og:url\" content=\"https:\/\/santabernardita.es\/index.php\/2025\/03\/09\/dia-de-santa-bernardita\/\" \/>\n<meta property=\"og:site_name\" content=\"Colegio Santa Bernardita\" \/>\n<meta property=\"article:published_time\" content=\"2025-03-09T15:53:42+00:00\" \/>\n<meta property=\"article:modified_time\" content=\"2025-03-09T15:53:44+00:00\" \/>\n<meta property=\"og:image\" content=\"https:\/\/santabernardita.es\/wp-content\/uploads\/2025\/03\/Documento-A4-Horizontal-Borde-Hoja-de-Papel-Floreado-Rosado-4.png\" \/>\n\t<meta property=\"og:image:width\" content=\"2000\" \/>\n\t<meta property=\"og:image:height\" content=\"1414\" \/>\n\t<meta property=\"og:image:type\" content=\"image\/png\" \/>\n<meta name=\"author\" content=\"admin\" \/>\n<meta name=\"twitter:card\" content=\"summary_large_image\" \/>\n<meta name=\"twitter:label1\" content=\"Escrito por\" \/>\n\t<meta name=\"twitter:data1\" content=\"admin\" \/>\n\t<meta name=\"twitter:label2\" content=\"Tiempo de lectura\" \/>\n\t<meta name=\"twitter:data2\" content=\"1 minuto\" \/>\n<script type=\"application\/ld+json\" class=\"yoast-schema-graph\">{\"@context\":\"https:\/\/schema.org\",\"@graph\":[{\"@type\":\"WebPage\",\"@id\":\"https:\/\/santabernardita.es\/index.php\/2025\/03\/09\/dia-de-santa-bernardita\/\",\"url\":\"https:\/\/santabernardita.es\/index.php\/2025\/03\/09\/dia-de-santa-bernardita\/\",\"name\":\"D\u00cdA DE SANTA BERNARDITA - Colegio Santa Bernardita\",\"isPartOf\":{\"@id\":\"https:\/\/santabernardita.es\/#website\"},\"primaryImageOfPage\":{\"@id\":\"https:\/\/santabernardita.es\/index.php\/2025\/03\/09\/dia-de-santa-bernardita\/#primaryimage\"},\"image\":{\"@id\":\"https:\/\/santabernardita.es\/index.php\/2025\/03\/09\/dia-de-santa-bernardita\/#primaryimage\"},\"thumbnailUrl\":\"https:\/\/santabernardita.es\/wp-content\/uploads\/2025\/03\/Documento-A4-Horizontal-Borde-Hoja-de-Papel-Floreado-Rosado-4.png\",\"datePublished\":\"2025-03-09T15:53:42+00:00\",\"dateModified\":\"2025-03-09T15:53:44+00:00\",\"author\":{\"@id\":\"https:\/\/santabernardita.es\/#\/schema\/person\/8d7d72fb045d962d026de7fd93039f4d\"},\"description\":\"Somos un Colegio de Educaci\u00f3n Infantil confesional cat\u00f3lico, que pertenece a la Congregaci\u00f3n de las Hermanas Religiosas de la Caridad de Nevers. Nos encontramos en el barrio de Salamanca, en pleno coraz\u00f3n de Madrid. Nuestro equipo docente est\u00e1 formado por profesionales de la ense\u00f1anza que conocen, valoran y respetan el Ideario del Centro.\",\"breadcrumb\":{\"@id\":\"https:\/\/santabernardita.es\/index.php\/2025\/03\/09\/dia-de-santa-bernardita\/#breadcrumb\"},\"inLanguage\":\"es\",\"potentialAction\":[{\"@type\":\"ReadAction\",\"target\":[\"https:\/\/santabernardita.es\/index.php\/2025\/03\/09\/dia-de-santa-bernardita\/\"]}]},{\"@type\":\"ImageObject\",\"inLanguage\":\"es\",\"@id\":\"https:\/\/santabernardita.es\/index.php\/2025\/03\/09\/dia-de-santa-bernardita\/#primaryimage\",\"url\":\"https:\/\/santabernardita.es\/wp-content\/uploads\/2025\/03\/Documento-A4-Horizontal-Borde-Hoja-de-Papel-Floreado-Rosado-4.png\",\"contentUrl\":\"https:\/\/santabernardita.es\/wp-content\/uploads\/2025\/03\/Documento-A4-Horizontal-Borde-Hoja-de-Papel-Floreado-Rosado-4.png\",\"width\":2000,\"height\":1414},{\"@type\":\"BreadcrumbList\",\"@id\":\"https:\/\/santabernardita.es\/index.php\/2025\/03\/09\/dia-de-santa-bernardita\/#breadcrumb\",\"itemListElement\":[{\"@type\":\"ListItem\",\"position\":1,\"name\":\"Portada\",\"item\":\"https:\/\/santabernardita.es\/\"},{\"@type\":\"ListItem\",\"position\":2,\"name\":\"D\u00cdA DE SANTA BERNARDITA\"}]},{\"@type\":\"WebSite\",\"@id\":\"https:\/\/santabernardita.es\/#website\",\"url\":\"https:\/\/santabernardita.es\/\",\"name\":\"Colegio Santa Bernardita\",\"description\":\"Santa Bernardita\",\"potentialAction\":[{\"@type\":\"SearchAction\",\"target\":{\"@type\":\"EntryPoint\",\"urlTemplate\":\"https:\/\/santabernardita.es\/?s={search_term_string}\"},\"query-input\":{\"@type\":\"PropertyValueSpecification\",\"valueRequired\":true,\"valueName\":\"search_term_string\"}}],\"inLanguage\":\"es\"},{\"@type\":\"Person\",\"@id\":\"https:\/\/santabernardita.es\/#\/schema\/person\/8d7d72fb045d962d026de7fd93039f4d\",\"name\":\"admin\",\"image\":{\"@type\":\"ImageObject\",\"inLanguage\":\"es\",\"@id\":\"https:\/\/santabernardita.es\/#\/schema\/person\/image\/\",\"url\":\"https:\/\/secure.gravatar.com\/avatar\/f265fb46059edf074104b792ccb9b28e441b192af3ea8fba562473a3792b41b1?s=96&d=mm&r=g\",\"contentUrl\":\"https:\/\/secure.gravatar.com\/avatar\/f265fb46059edf074104b792ccb9b28e441b192af3ea8fba562473a3792b41b1?s=96&d=mm&r=g\",\"caption\":\"admin\"}}]}<\/script>\n<!-- \/ Yoast SEO plugin. -->","yoast_head_json":{"title":"D\u00cdA DE SANTA BERNARDITA - Colegio Santa Bernardita","description":"Somos un Colegio de Educaci\u00f3n Infantil confesional cat\u00f3lico, que pertenece a la Congregaci\u00f3n de las Hermanas Religiosas de la Caridad de Nevers. Nos encontramos en el barrio de Salamanca, en pleno coraz\u00f3n de Madrid. Nuestro equipo docente est\u00e1 formado por profesionales de la ense\u00f1anza que conocen, valoran y respetan el Ideario del Centro.","robots":{"index":"index","follow":"follow","max-snippet":"max-snippet:-1","max-image-preview":"max-image-preview:large","max-video-preview":"max-video-preview:-1"},"canonical":"https:\/\/santabernardita.es\/index.php\/2025\/03\/09\/dia-de-santa-bernardita\/","og_locale":"es_ES","og_type":"article","og_title":"D\u00cdA DE SANTA BERNARDITA - Colegio Santa Bernardita","og_description":"Somos un Colegio de Educaci\u00f3n Infantil confesional cat\u00f3lico, que pertenece a la Congregaci\u00f3n de las Hermanas Religiosas de la Caridad de Nevers. Nos encontramos en el barrio de Salamanca, en pleno coraz\u00f3n de Madrid. Nuestro equipo docente est\u00e1 formado por profesionales de la ense\u00f1anza que conocen, valoran y respetan el Ideario del Centro.","og_url":"https:\/\/santabernardita.es\/index.php\/2025\/03\/09\/dia-de-santa-bernardita\/","og_site_name":"Colegio Santa Bernardita","article_published_time":"2025-03-09T15:53:42+00:00","article_modified_time":"2025-03-09T15:53:44+00:00","og_image":[{"width":2000,"height":1414,"url":"https:\/\/santabernardita.es\/wp-content\/uploads\/2025\/03\/Documento-A4-Horizontal-Borde-Hoja-de-Papel-Floreado-Rosado-4.png","type":"image\/png"}],"author":"admin","twitter_card":"summary_large_image","twitter_misc":{"Escrito por":"admin","Tiempo de lectura":"1 minuto"},"schema":{"@context":"https:\/\/schema.org","@graph":[{"@type":"WebPage","@id":"https:\/\/santabernardita.es\/index.php\/2025\/03\/09\/dia-de-santa-bernardita\/","url":"https:\/\/santabernardita.es\/index.php\/2025\/03\/09\/dia-de-santa-bernardita\/","name":"D\u00cdA DE SANTA BERNARDITA - Colegio Santa Bernardita","isPartOf":{"@id":"https:\/\/santabernardita.es\/#website"},"primaryImageOfPage":{"@id":"https:\/\/santabernardita.es\/index.php\/2025\/03\/09\/dia-de-santa-bernardita\/#primaryimage"},"image":{"@id":"https:\/\/santabernardita.es\/index.php\/2025\/03\/09\/dia-de-santa-bernardita\/#primaryimage"},"thumbnailUrl":"https:\/\/santabernardita.es\/wp-content\/uploads\/2025\/03\/Documento-A4-Horizontal-Borde-Hoja-de-Papel-Floreado-Rosado-4.png","datePublished":"2025-03-09T15:53:42+00:00","dateModified":"2025-03-09T15:53:44+00:00","author":{"@id":"https:\/\/santabernardita.es\/#\/schema\/person\/8d7d72fb045d962d026de7fd93039f4d"},"description":"Somos un Colegio de Educaci\u00f3n Infantil confesional cat\u00f3lico, que pertenece a la Congregaci\u00f3n de las Hermanas Religiosas de la Caridad de Nevers. Nos encontramos en el barrio de Salamanca, en pleno coraz\u00f3n de Madrid. Nuestro equipo docente est\u00e1 formado por profesionales de la ense\u00f1anza que conocen, valoran y respetan el Ideario del Centro.","breadcrumb":{"@id":"https:\/\/santabernardita.es\/index.php\/2025\/03\/09\/dia-de-santa-bernardita\/#breadcrumb"},"inLanguage":"es","potentialAction":[{"@type":"ReadAction","target":["https:\/\/santabernardita.es\/index.php\/2025\/03\/09\/dia-de-santa-bernardita\/"]}]},{"@type":"ImageObject","inLanguage":"es","@id":"https:\/\/santabernardita.es\/index.php\/2025\/03\/09\/dia-de-santa-bernardita\/#primaryimage","url":"https:\/\/santabernardita.es\/wp-content\/uploads\/2025\/03\/Documento-A4-Horizontal-Borde-Hoja-de-Papel-Floreado-Rosado-4.png","contentUrl":"https:\/\/santabernardita.es\/wp-content\/uploads\/2025\/03\/Documento-A4-Horizontal-Borde-Hoja-de-Papel-Floreado-Rosado-4.png","width":2000,"height":1414},{"@type":"BreadcrumbList","@id":"https:\/\/santabernardita.es\/index.php\/2025\/03\/09\/dia-de-santa-bernardita\/#breadcrumb","itemListElement":[{"@type":"ListItem","position":1,"name":"Portada","item":"https:\/\/santabernardita.es\/"},{"@type":"ListItem","position":2,"name":"D\u00cdA DE SANTA BERNARDITA"}]},{"@type":"WebSite","@id":"https:\/\/santabernardita.es\/#website","url":"https:\/\/santabernardita.es\/","name":"Colegio Santa Bernardita","description":"Santa Bernardita","potentialAction":[{"@type":"SearchAction","target":{"@type":"EntryPoint","urlTemplate":"https:\/\/santabernardita.es\/?s={search_term_string}"},"query-input":{"@type":"PropertyValueSpecification","valueRequired":true,"valueName":"search_term_string"}}],"inLanguage":"es"},{"@type":"Person","@id":"https:\/\/santabernardita.es\/#\/schema\/person\/8d7d72fb045d962d026de7fd93039f4d","name":"admin","image":{"@type":"ImageObject","inLanguage":"es","@id":"https:\/\/santabernardita.es\/#\/schema\/person\/image\/","url":"https:\/\/secure.gravatar.com\/avatar\/f265fb46059edf074104b792ccb9b28e441b192af3ea8fba562473a3792b41b1?s=96&d=mm&r=g","contentUrl":"https:\/\/secure.gravatar.com\/avatar\/f265fb46059edf074104b792ccb9b28e441b192af3ea8fba562473a3792b41b1?s=96&d=mm&r=g","caption":"admin"}}]}},"_links":{"self":[{"href":"https:\/\/santabernardita.es\/index.php\/wp-json\/wp\/v2\/posts\/2011","targetHints":{"allow":["GET"]}}],"collection":[{"href":"https:\/\/santabernardita.es\/index.php\/wp-json\/wp\/v2\/posts"}],"about":[{"href":"https:\/\/santabernardita.es\/index.php\/wp-json\/wp\/v2\/types\/post"}],"author":[{"embeddable":true,"href":"https:\/\/santabernardita.es\/index.php\/wp-json\/wp\/v2\/users\/5"}],"replies":[{"embeddable":true,"href":"https:\/\/santabernardita.es\/index.php\/wp-json\/wp\/v2\/comments?post=2011"}],"version-history":[{"count":1,"href":"https:\/\/santabernardita.es\/index.php\/wp-json\/wp\/v2\/posts\/2011\/revisions"}],"predecessor-version":[{"id":2014,"href":"https:\/\/santabernardita.es\/index.php\/wp-json\/wp\/v2\/posts\/2011\/revisions\/2014"}],"wp:featuredmedia":[{"embeddable":true,"href":"https:\/\/santabernardita.es\/index.php\/wp-json\/wp\/v2\/media\/2013"}],"wp:attachment":[{"href":"https:\/\/santabernardita.es\/index.php\/wp-json\/wp\/v2\/media?parent=2011"}],"wp:term":[{"taxonomy":"category","embeddable":true,"href":"https:\/\/santabernardita.es\/index.php\/wp-json\/wp\/v2\/categories?post=2011"},{"taxonomy":"post_tag","embeddable":true,"href":"https:\/\/santabernardita.es\/index.php\/wp-json\/wp\/v2\/tags?post=2011"}],"curies":[{"name":"wp","href":"https:\/\/api.w.org\/{rel}","templated":true}]}}