{"id":2223,"date":"2025-11-24T09:28:06","date_gmt":"2025-11-24T09:28:06","guid":{"rendered":"https:\/\/santabernardita.es\/?p=2223"},"modified":"2025-11-24T09:28:09","modified_gmt":"2025-11-24T09:28:09","slug":"abierto-periodo-de-admison-primer-ciclo-de-ed-infantil-para-el-curso-2026-2027","status":"publish","type":"post","link":"https:\/\/santabernardita.es\/index.php\/2025\/11\/24\/abierto-periodo-de-admison-primer-ciclo-de-ed-infantil-para-el-curso-2026-2027\/","title":{"rendered":"ABIERTO PERIODO DE ADMISON PRIMER CICLO DE ED. INFANTIL PARA EL CURSO 2026\/2027"},"content":{"rendered":"\n<p class=\"has-vivid-cyan-blue-background-color has-background\">Abierto el periodo de preinscripci\u00f3n del <strong>Primer Ciclo de Ed. infantil (nacidos en el 2024 y 2025) para\u00a0 curso 2026-2027 .<\/strong><\/p>\n\n\n\n<p class=\"has-pale-cyan-blue-background-color has-background\">Para formalizar la reserva de plaza es IMPRESCIDIBLE acudir a\u00a0<strong>secretaria<\/strong> en horario de 9:00h a 12:30h,\u00a0<strong>para recoger un documento que ser\u00e1 necesario cumplimentar<\/strong>\u00a0para completar correctamente el proceso.<\/p>\n\n\n\n<p><\/p>\n\n\n\n<p><\/p>\n\n\n\n<p><\/p>\n\n\n\n<p><\/p>\n\n\n\n<p><\/p>\n\n\n\n<p><\/p>\n\n\n\n<p><\/p>\n\n\n\n<p><\/p>\n","protected":false},"excerpt":{"rendered":"<p>Abierto el periodo de preinscripci\u00f3n del Primer Ciclo de Ed. [&hellip;]<\/p>\n","protected":false},"author":4,"featured_media":0,"comment_status":"closed","ping_status":"closed","sticky":false,"template":"","format":"standard","meta":{"footnotes":""},"categories":[2],"tags":[],"class_list":["post-2223","post","type-post","status-publish","format-standard","hentry","category-avisos"],"yoast_head":"<!-- This site is optimized with the Yoast SEO plugin v24.2 - https:\/\/yoast.com\/wordpress\/plugins\/seo\/ -->\n<title>ABIERTO PERIODO DE ADMISON PRIMER CICLO DE ED. INFANTIL PARA EL CURSO 2026\/2027 - Colegio Santa Bernardita<\/title>\n<meta name=\"description\" content=\"Somos un Colegio de Educaci\u00f3n Infantil confesional cat\u00f3lico, que pertenece a la Congregaci\u00f3n de las Hermanas Religiosas de la Caridad de Nevers. Nos encontramos en el barrio de Salamanca, en pleno coraz\u00f3n de Madrid. Nuestro equipo docente est\u00e1 formado por profesionales de la ense\u00f1anza que conocen, valoran y respetan el Ideario del Centro.\" \/>\n<meta name=\"robots\" content=\"index, follow, max-snippet:-1, max-image-preview:large, max-video-preview:-1\" \/>\n<link rel=\"canonical\" href=\"https:\/\/santabernardita.es\/index.php\/2025\/11\/24\/abierto-periodo-de-admison-primer-ciclo-de-ed-infantil-para-el-curso-2026-2027\/\" \/>\n<meta property=\"og:locale\" content=\"es_ES\" \/>\n<meta property=\"og:type\" content=\"article\" \/>\n<meta property=\"og:title\" content=\"ABIERTO PERIODO DE ADMISON PRIMER CICLO DE ED. INFANTIL PARA EL CURSO 2026\/2027 - Colegio Santa Bernardita\" \/>\n<meta property=\"og:description\" content=\"Somos un Colegio de Educaci\u00f3n Infantil confesional cat\u00f3lico, que pertenece a la Congregaci\u00f3n de las Hermanas Religiosas de la Caridad de Nevers. Nos encontramos en el barrio de Salamanca, en pleno coraz\u00f3n de Madrid. Nuestro equipo docente est\u00e1 formado por profesionales de la ense\u00f1anza que conocen, valoran y respetan el Ideario del Centro.\" \/>\n<meta property=\"og:url\" content=\"https:\/\/santabernardita.es\/index.php\/2025\/11\/24\/abierto-periodo-de-admison-primer-ciclo-de-ed-infantil-para-el-curso-2026-2027\/\" \/>\n<meta property=\"og:site_name\" content=\"Colegio Santa Bernardita\" \/>\n<meta property=\"article:published_time\" content=\"2025-11-24T09:28:06+00:00\" \/>\n<meta property=\"article:modified_time\" content=\"2025-11-24T09:28:09+00:00\" \/>\n<meta name=\"author\" content=\"Santa Bernardita\" \/>\n<meta name=\"twitter:card\" content=\"summary_large_image\" \/>\n<meta name=\"twitter:label1\" content=\"Escrito por\" \/>\n\t<meta name=\"twitter:data1\" content=\"Santa Bernardita\" \/>\n\t<meta name=\"twitter:label2\" content=\"Tiempo de lectura\" \/>\n\t<meta name=\"twitter:data2\" content=\"1 minuto\" \/>\n<script type=\"application\/ld+json\" class=\"yoast-schema-graph\">{\"@context\":\"https:\/\/schema.org\",\"@graph\":[{\"@type\":\"WebPage\",\"@id\":\"https:\/\/santabernardita.es\/index.php\/2025\/11\/24\/abierto-periodo-de-admison-primer-ciclo-de-ed-infantil-para-el-curso-2026-2027\/\",\"url\":\"https:\/\/santabernardita.es\/index.php\/2025\/11\/24\/abierto-periodo-de-admison-primer-ciclo-de-ed-infantil-para-el-curso-2026-2027\/\",\"name\":\"ABIERTO PERIODO DE ADMISON PRIMER CICLO DE ED. INFANTIL PARA EL CURSO 2026\/2027 - Colegio Santa Bernardita\",\"isPartOf\":{\"@id\":\"https:\/\/santabernardita.es\/#website\"},\"datePublished\":\"2025-11-24T09:28:06+00:00\",\"dateModified\":\"2025-11-24T09:28:09+00:00\",\"author\":{\"@id\":\"https:\/\/santabernardita.es\/#\/schema\/person\/312070e4a4a073ab9f474edb86c9a65c\"},\"description\":\"Somos un Colegio de Educaci\u00f3n Infantil confesional cat\u00f3lico, que pertenece a la Congregaci\u00f3n de las Hermanas Religiosas de la Caridad de Nevers. Nos encontramos en el barrio de Salamanca, en pleno coraz\u00f3n de Madrid. Nuestro equipo docente est\u00e1 formado por profesionales de la ense\u00f1anza que conocen, valoran y respetan el Ideario del Centro.\",\"breadcrumb\":{\"@id\":\"https:\/\/santabernardita.es\/index.php\/2025\/11\/24\/abierto-periodo-de-admison-primer-ciclo-de-ed-infantil-para-el-curso-2026-2027\/#breadcrumb\"},\"inLanguage\":\"es\",\"potentialAction\":[{\"@type\":\"ReadAction\",\"target\":[\"https:\/\/santabernardita.es\/index.php\/2025\/11\/24\/abierto-periodo-de-admison-primer-ciclo-de-ed-infantil-para-el-curso-2026-2027\/\"]}]},{\"@type\":\"BreadcrumbList\",\"@id\":\"https:\/\/santabernardita.es\/index.php\/2025\/11\/24\/abierto-periodo-de-admison-primer-ciclo-de-ed-infantil-para-el-curso-2026-2027\/#breadcrumb\",\"itemListElement\":[{\"@type\":\"ListItem\",\"position\":1,\"name\":\"Portada\",\"item\":\"https:\/\/santabernardita.es\/\"},{\"@type\":\"ListItem\",\"position\":2,\"name\":\"ABIERTO PERIODO DE ADMISON PRIMER CICLO DE ED. INFANTIL PARA EL CURSO 2026\/2027\"}]},{\"@type\":\"WebSite\",\"@id\":\"https:\/\/santabernardita.es\/#website\",\"url\":\"https:\/\/santabernardita.es\/\",\"name\":\"Colegio Santa Bernardita\",\"description\":\"Santa Bernardita\",\"potentialAction\":[{\"@type\":\"SearchAction\",\"target\":{\"@type\":\"EntryPoint\",\"urlTemplate\":\"https:\/\/santabernardita.es\/?s={search_term_string}\"},\"query-input\":{\"@type\":\"PropertyValueSpecification\",\"valueRequired\":true,\"valueName\":\"search_term_string\"}}],\"inLanguage\":\"es\"},{\"@type\":\"Person\",\"@id\":\"https:\/\/santabernardita.es\/#\/schema\/person\/312070e4a4a073ab9f474edb86c9a65c\",\"name\":\"Santa Bernardita\",\"image\":{\"@type\":\"ImageObject\",\"inLanguage\":\"es\",\"@id\":\"https:\/\/santabernardita.es\/#\/schema\/person\/image\/\",\"url\":\"https:\/\/secure.gravatar.com\/avatar\/0418bd799936a0d15814232d199256fd43108f6436b634cb4e5ea0fc3073cbeb?s=96&d=mm&r=g\",\"contentUrl\":\"https:\/\/secure.gravatar.com\/avatar\/0418bd799936a0d15814232d199256fd43108f6436b634cb4e5ea0fc3073cbeb?s=96&d=mm&r=g\",\"caption\":\"Santa Bernardita\"},\"sameAs\":[\"http:\/\/www.santabernardita.es\"]}]}<\/script>\n<!-- \/ Yoast SEO plugin. -->","yoast_head_json":{"title":"ABIERTO PERIODO DE ADMISON PRIMER CICLO DE ED. INFANTIL PARA EL CURSO 2026\/2027 - Colegio Santa Bernardita","description":"Somos un Colegio de Educaci\u00f3n Infantil confesional cat\u00f3lico, que pertenece a la Congregaci\u00f3n de las Hermanas Religiosas de la Caridad de Nevers. Nos encontramos en el barrio de Salamanca, en pleno coraz\u00f3n de Madrid. Nuestro equipo docente est\u00e1 formado por profesionales de la ense\u00f1anza que conocen, valoran y respetan el Ideario del Centro.","robots":{"index":"index","follow":"follow","max-snippet":"max-snippet:-1","max-image-preview":"max-image-preview:large","max-video-preview":"max-video-preview:-1"},"canonical":"https:\/\/santabernardita.es\/index.php\/2025\/11\/24\/abierto-periodo-de-admison-primer-ciclo-de-ed-infantil-para-el-curso-2026-2027\/","og_locale":"es_ES","og_type":"article","og_title":"ABIERTO PERIODO DE ADMISON PRIMER CICLO DE ED. INFANTIL PARA EL CURSO 2026\/2027 - Colegio Santa Bernardita","og_description":"Somos un Colegio de Educaci\u00f3n Infantil confesional cat\u00f3lico, que pertenece a la Congregaci\u00f3n de las Hermanas Religiosas de la Caridad de Nevers. Nos encontramos en el barrio de Salamanca, en pleno coraz\u00f3n de Madrid. Nuestro equipo docente est\u00e1 formado por profesionales de la ense\u00f1anza que conocen, valoran y respetan el Ideario del Centro.","og_url":"https:\/\/santabernardita.es\/index.php\/2025\/11\/24\/abierto-periodo-de-admison-primer-ciclo-de-ed-infantil-para-el-curso-2026-2027\/","og_site_name":"Colegio Santa Bernardita","article_published_time":"2025-11-24T09:28:06+00:00","article_modified_time":"2025-11-24T09:28:09+00:00","author":"Santa Bernardita","twitter_card":"summary_large_image","twitter_misc":{"Escrito por":"Santa Bernardita","Tiempo de lectura":"1 minuto"},"schema":{"@context":"https:\/\/schema.org","@graph":[{"@type":"WebPage","@id":"https:\/\/santabernardita.es\/index.php\/2025\/11\/24\/abierto-periodo-de-admison-primer-ciclo-de-ed-infantil-para-el-curso-2026-2027\/","url":"https:\/\/santabernardita.es\/index.php\/2025\/11\/24\/abierto-periodo-de-admison-primer-ciclo-de-ed-infantil-para-el-curso-2026-2027\/","name":"ABIERTO PERIODO DE ADMISON PRIMER CICLO DE ED. INFANTIL PARA EL CURSO 2026\/2027 - Colegio Santa Bernardita","isPartOf":{"@id":"https:\/\/santabernardita.es\/#website"},"datePublished":"2025-11-24T09:28:06+00:00","dateModified":"2025-11-24T09:28:09+00:00","author":{"@id":"https:\/\/santabernardita.es\/#\/schema\/person\/312070e4a4a073ab9f474edb86c9a65c"},"description":"Somos un Colegio de Educaci\u00f3n Infantil confesional cat\u00f3lico, que pertenece a la Congregaci\u00f3n de las Hermanas Religiosas de la Caridad de Nevers. Nos encontramos en el barrio de Salamanca, en pleno coraz\u00f3n de Madrid. Nuestro equipo docente est\u00e1 formado por profesionales de la ense\u00f1anza que conocen, valoran y respetan el Ideario del Centro.","breadcrumb":{"@id":"https:\/\/santabernardita.es\/index.php\/2025\/11\/24\/abierto-periodo-de-admison-primer-ciclo-de-ed-infantil-para-el-curso-2026-2027\/#breadcrumb"},"inLanguage":"es","potentialAction":[{"@type":"ReadAction","target":["https:\/\/santabernardita.es\/index.php\/2025\/11\/24\/abierto-periodo-de-admison-primer-ciclo-de-ed-infantil-para-el-curso-2026-2027\/"]}]},{"@type":"BreadcrumbList","@id":"https:\/\/santabernardita.es\/index.php\/2025\/11\/24\/abierto-periodo-de-admison-primer-ciclo-de-ed-infantil-para-el-curso-2026-2027\/#breadcrumb","itemListElement":[{"@type":"ListItem","position":1,"name":"Portada","item":"https:\/\/santabernardita.es\/"},{"@type":"ListItem","position":2,"name":"ABIERTO PERIODO DE ADMISON PRIMER CICLO DE ED. INFANTIL PARA EL CURSO 2026\/2027"}]},{"@type":"WebSite","@id":"https:\/\/santabernardita.es\/#website","url":"https:\/\/santabernardita.es\/","name":"Colegio Santa Bernardita","description":"Santa Bernardita","potentialAction":[{"@type":"SearchAction","target":{"@type":"EntryPoint","urlTemplate":"https:\/\/santabernardita.es\/?s={search_term_string}"},"query-input":{"@type":"PropertyValueSpecification","valueRequired":true,"valueName":"search_term_string"}}],"inLanguage":"es"},{"@type":"Person","@id":"https:\/\/santabernardita.es\/#\/schema\/person\/312070e4a4a073ab9f474edb86c9a65c","name":"Santa Bernardita","image":{"@type":"ImageObject","inLanguage":"es","@id":"https:\/\/santabernardita.es\/#\/schema\/person\/image\/","url":"https:\/\/secure.gravatar.com\/avatar\/0418bd799936a0d15814232d199256fd43108f6436b634cb4e5ea0fc3073cbeb?s=96&d=mm&r=g","contentUrl":"https:\/\/secure.gravatar.com\/avatar\/0418bd799936a0d15814232d199256fd43108f6436b634cb4e5ea0fc3073cbeb?s=96&d=mm&r=g","caption":"Santa Bernardita"},"sameAs":["http:\/\/www.santabernardita.es"]}]}},"_links":{"self":[{"href":"https:\/\/santabernardita.es\/index.php\/wp-json\/wp\/v2\/posts\/2223","targetHints":{"allow":["GET"]}}],"collection":[{"href":"https:\/\/santabernardita.es\/index.php\/wp-json\/wp\/v2\/posts"}],"about":[{"href":"https:\/\/santabernardita.es\/index.php\/wp-json\/wp\/v2\/types\/post"}],"author":[{"embeddable":true,"href":"https:\/\/santabernardita.es\/index.php\/wp-json\/wp\/v2\/users\/4"}],"replies":[{"embeddable":true,"href":"https:\/\/santabernardita.es\/index.php\/wp-json\/wp\/v2\/comments?post=2223"}],"version-history":[{"count":1,"href":"https:\/\/santabernardita.es\/index.php\/wp-json\/wp\/v2\/posts\/2223\/revisions"}],"predecessor-version":[{"id":2224,"href":"https:\/\/santabernardita.es\/index.php\/wp-json\/wp\/v2\/posts\/2223\/revisions\/2224"}],"wp:attachment":[{"href":"https:\/\/santabernardita.es\/index.php\/wp-json\/wp\/v2\/media?parent=2223"}],"wp:term":[{"taxonomy":"category","embeddable":true,"href":"https:\/\/santabernardita.es\/index.php\/wp-json\/wp\/v2\/categories?post=2223"},{"taxonomy":"post_tag","embeddable":true,"href":"https:\/\/santabernardita.es\/index.php\/wp-json\/wp\/v2\/tags?post=2223"}],"curies":[{"name":"wp","href":"https:\/\/api.w.org\/{rel}","templated":true}]}}