{"id":823,"date":"2025-03-09T11:59:32","date_gmt":"2025-03-09T11:59:32","guid":{"rendered":"http:\/\/www.santabernardita.es\/?p=823"},"modified":"2025-03-09T11:59:35","modified_gmt":"2025-03-09T11:59:35","slug":"ofrenda-floral-ntra-sra-de-la-almudena","status":"publish","type":"post","link":"https:\/\/santabernardita.es\/index.php\/2025\/03\/09\/ofrenda-floral-ntra-sra-de-la-almudena\/","title":{"rendered":"OFRENDA FLORAL NTRA. SRA. DE LA ALMUDENA"},"content":{"rendered":"<p style=\"text-align: left;\"><img loading=\"lazy\" decoding=\"async\" class=\"size-medium wp-image-1993 aligncenter\" src=\"https:\/\/santabernardita.es\/wp-content\/uploads\/2018\/11\/Blanco-1-Panel-Horizontal-Historietas-5-300x240.png\" alt=\"\" width=\"300\" height=\"240\" srcset=\"https:\/\/santabernardita.es\/wp-content\/uploads\/2018\/11\/Blanco-1-Panel-Horizontal-Historietas-5-177x142.png 177w, https:\/\/santabernardita.es\/wp-content\/uploads\/2018\/11\/Blanco-1-Panel-Horizontal-Historietas-5-200x160.png 200w, https:\/\/santabernardita.es\/wp-content\/uploads\/2018\/11\/Blanco-1-Panel-Horizontal-Historietas-5-300x240.png 300w, https:\/\/santabernardita.es\/wp-content\/uploads\/2018\/11\/Blanco-1-Panel-Horizontal-Historietas-5-400x320.png 400w, https:\/\/santabernardita.es\/wp-content\/uploads\/2018\/11\/Blanco-1-Panel-Horizontal-Historietas-5-600x480.png 600w, https:\/\/santabernardita.es\/wp-content\/uploads\/2018\/11\/Blanco-1-Panel-Horizontal-Historietas-5-768x614.png 768w, https:\/\/santabernardita.es\/wp-content\/uploads\/2018\/11\/Blanco-1-Panel-Horizontal-Historietas-5-800x640.png 800w, https:\/\/santabernardita.es\/wp-content\/uploads\/2018\/11\/Blanco-1-Panel-Horizontal-Historietas-5-1024x819.png 1024w, https:\/\/santabernardita.es\/wp-content\/uploads\/2018\/11\/Blanco-1-Panel-Horizontal-Historietas-5-1200x960.png 1200w, https:\/\/santabernardita.es\/wp-content\/uploads\/2018\/11\/Blanco-1-Panel-Horizontal-Historietas-5-1536x1229.png 1536w\" sizes=\"auto, (max-width: 300px) 100vw, 300px\" \/><\/p>\n<p>El d\u00eda 8 de Noviembre un grupo de madres y alumnos, en representaci\u00f3n del colegio, tuvimos la oportunidad de participar en la ofrenda floral de nuestra Patrona, Santa Mar\u00eda la Real de la Almudena.<\/p>\n<p>Fue emocionante llegar a la explanada de la Catedral y encontrarnos una multitud de ni\u00f1os y ni\u00f1as de otros colegios, cada uno esperando su turno para poder entregar flores, cantando y rezando a los pies de la Virgen.<\/p>\n<p>Bajo el lema de \u00abMar\u00eda, mu\u00e9stranos a Jes\u00fas\u00bb, pudimos entregarle nuestra ofrenda con nuestros\u00a0peque\u00f1os de 2,3,4 y 5 a\u00f1os \u00a0y\u00a0pedirle que no dejara de interceder por nosotros.<\/p>\n<p>Al terminar recibimos un peque\u00f1o detalle de recuerdo de esta bonita fiesta y una estampa donde se recordaba que \u00abAlmudena\u00bb significa fortaleza. Y eso le pedimos: que nos ayude a ser cada vez m\u00e1s \u00abbuenos, fuertes y valientes\u00bb<\/p>\n","protected":false},"excerpt":{"rendered":"<p>El d\u00eda 8 de Noviembre un grupo de madres y [&hellip;]<\/p>\n","protected":false},"author":4,"featured_media":2002,"comment_status":"closed","ping_status":"closed","sticky":false,"template":"","format":"standard","meta":{"footnotes":""},"categories":[3],"tags":[],"class_list":["post-823","post","type-post","status-publish","format-standard","has-post-thumbnail","hentry","category-informacion-general"],"yoast_head":"<!-- This site is optimized with the Yoast SEO plugin v24.2 - https:\/\/yoast.com\/wordpress\/plugins\/seo\/ -->\n<title>OFRENDA FLORAL NTRA. SRA. DE LA ALMUDENA - Colegio Santa Bernardita<\/title>\n<meta name=\"description\" content=\"Somos un Colegio de Educaci\u00f3n Infantil confesional cat\u00f3lico, que pertenece a la Congregaci\u00f3n de las Hermanas Religiosas de la Caridad de Nevers. Nos encontramos en el barrio de Salamanca, en pleno coraz\u00f3n de Madrid. Nuestro equipo docente est\u00e1 formado por profesionales de la ense\u00f1anza que conocen, valoran y respetan el Ideario del Centro.\" \/>\n<meta name=\"robots\" content=\"index, follow, max-snippet:-1, max-image-preview:large, max-video-preview:-1\" \/>\n<link rel=\"canonical\" href=\"https:\/\/santabernardita.es\/index.php\/2025\/03\/09\/ofrenda-floral-ntra-sra-de-la-almudena\/\" \/>\n<meta property=\"og:locale\" content=\"es_ES\" \/>\n<meta property=\"og:type\" content=\"article\" \/>\n<meta property=\"og:title\" content=\"OFRENDA FLORAL NTRA. SRA. DE LA ALMUDENA - Colegio Santa Bernardita\" \/>\n<meta property=\"og:description\" content=\"Somos un Colegio de Educaci\u00f3n Infantil confesional cat\u00f3lico, que pertenece a la Congregaci\u00f3n de las Hermanas Religiosas de la Caridad de Nevers. Nos encontramos en el barrio de Salamanca, en pleno coraz\u00f3n de Madrid. Nuestro equipo docente est\u00e1 formado por profesionales de la ense\u00f1anza que conocen, valoran y respetan el Ideario del Centro.\" \/>\n<meta property=\"og:url\" content=\"https:\/\/santabernardita.es\/index.php\/2025\/03\/09\/ofrenda-floral-ntra-sra-de-la-almudena\/\" \/>\n<meta property=\"og:site_name\" content=\"Colegio Santa Bernardita\" \/>\n<meta property=\"article:published_time\" content=\"2025-03-09T11:59:32+00:00\" \/>\n<meta property=\"article:modified_time\" content=\"2025-03-09T11:59:35+00:00\" \/>\n<meta property=\"og:image\" content=\"https:\/\/santabernardita.es\/wp-content\/uploads\/2018\/11\/Documento-A4-Horizontal-Borde-Hoja-de-Papel-Floreado-Rosado-1024x724.png\" \/>\n\t<meta property=\"og:image:width\" content=\"1024\" \/>\n\t<meta property=\"og:image:height\" content=\"724\" \/>\n\t<meta property=\"og:image:type\" content=\"image\/png\" \/>\n<meta name=\"author\" content=\"Santa Bernardita\" \/>\n<meta name=\"twitter:card\" content=\"summary_large_image\" \/>\n<meta name=\"twitter:label1\" content=\"Escrito por\" \/>\n\t<meta name=\"twitter:data1\" content=\"Santa Bernardita\" \/>\n\t<meta name=\"twitter:label2\" content=\"Tiempo de lectura\" \/>\n\t<meta name=\"twitter:data2\" content=\"2 minutos\" \/>\n<script type=\"application\/ld+json\" class=\"yoast-schema-graph\">{\"@context\":\"https:\/\/schema.org\",\"@graph\":[{\"@type\":\"WebPage\",\"@id\":\"https:\/\/santabernardita.es\/index.php\/2025\/03\/09\/ofrenda-floral-ntra-sra-de-la-almudena\/\",\"url\":\"https:\/\/santabernardita.es\/index.php\/2025\/03\/09\/ofrenda-floral-ntra-sra-de-la-almudena\/\",\"name\":\"OFRENDA FLORAL NTRA. SRA. DE LA ALMUDENA - Colegio Santa Bernardita\",\"isPartOf\":{\"@id\":\"https:\/\/santabernardita.es\/#website\"},\"primaryImageOfPage\":{\"@id\":\"https:\/\/santabernardita.es\/index.php\/2025\/03\/09\/ofrenda-floral-ntra-sra-de-la-almudena\/#primaryimage\"},\"image\":{\"@id\":\"https:\/\/santabernardita.es\/index.php\/2025\/03\/09\/ofrenda-floral-ntra-sra-de-la-almudena\/#primaryimage\"},\"thumbnailUrl\":\"https:\/\/santabernardita.es\/wp-content\/uploads\/2018\/11\/Documento-A4-Horizontal-Borde-Hoja-de-Papel-Floreado-Rosado.png\",\"datePublished\":\"2025-03-09T11:59:32+00:00\",\"dateModified\":\"2025-03-09T11:59:35+00:00\",\"author\":{\"@id\":\"https:\/\/santabernardita.es\/#\/schema\/person\/312070e4a4a073ab9f474edb86c9a65c\"},\"description\":\"Somos un Colegio de Educaci\u00f3n Infantil confesional cat\u00f3lico, que pertenece a la Congregaci\u00f3n de las Hermanas Religiosas de la Caridad de Nevers. Nos encontramos en el barrio de Salamanca, en pleno coraz\u00f3n de Madrid. Nuestro equipo docente est\u00e1 formado por profesionales de la ense\u00f1anza que conocen, valoran y respetan el Ideario del Centro.\",\"breadcrumb\":{\"@id\":\"https:\/\/santabernardita.es\/index.php\/2025\/03\/09\/ofrenda-floral-ntra-sra-de-la-almudena\/#breadcrumb\"},\"inLanguage\":\"es\",\"potentialAction\":[{\"@type\":\"ReadAction\",\"target\":[\"https:\/\/santabernardita.es\/index.php\/2025\/03\/09\/ofrenda-floral-ntra-sra-de-la-almudena\/\"]}]},{\"@type\":\"ImageObject\",\"inLanguage\":\"es\",\"@id\":\"https:\/\/santabernardita.es\/index.php\/2025\/03\/09\/ofrenda-floral-ntra-sra-de-la-almudena\/#primaryimage\",\"url\":\"https:\/\/santabernardita.es\/wp-content\/uploads\/2018\/11\/Documento-A4-Horizontal-Borde-Hoja-de-Papel-Floreado-Rosado.png\",\"contentUrl\":\"https:\/\/santabernardita.es\/wp-content\/uploads\/2018\/11\/Documento-A4-Horizontal-Borde-Hoja-de-Papel-Floreado-Rosado.png\",\"width\":2000,\"height\":1414},{\"@type\":\"BreadcrumbList\",\"@id\":\"https:\/\/santabernardita.es\/index.php\/2025\/03\/09\/ofrenda-floral-ntra-sra-de-la-almudena\/#breadcrumb\",\"itemListElement\":[{\"@type\":\"ListItem\",\"position\":1,\"name\":\"Portada\",\"item\":\"https:\/\/santabernardita.es\/\"},{\"@type\":\"ListItem\",\"position\":2,\"name\":\"OFRENDA FLORAL NTRA. SRA. DE LA ALMUDENA\"}]},{\"@type\":\"WebSite\",\"@id\":\"https:\/\/santabernardita.es\/#website\",\"url\":\"https:\/\/santabernardita.es\/\",\"name\":\"Colegio Santa Bernardita\",\"description\":\"Santa Bernardita\",\"potentialAction\":[{\"@type\":\"SearchAction\",\"target\":{\"@type\":\"EntryPoint\",\"urlTemplate\":\"https:\/\/santabernardita.es\/?s={search_term_string}\"},\"query-input\":{\"@type\":\"PropertyValueSpecification\",\"valueRequired\":true,\"valueName\":\"search_term_string\"}}],\"inLanguage\":\"es\"},{\"@type\":\"Person\",\"@id\":\"https:\/\/santabernardita.es\/#\/schema\/person\/312070e4a4a073ab9f474edb86c9a65c\",\"name\":\"Santa Bernardita\",\"image\":{\"@type\":\"ImageObject\",\"inLanguage\":\"es\",\"@id\":\"https:\/\/santabernardita.es\/#\/schema\/person\/image\/\",\"url\":\"https:\/\/secure.gravatar.com\/avatar\/0418bd799936a0d15814232d199256fd43108f6436b634cb4e5ea0fc3073cbeb?s=96&d=mm&r=g\",\"contentUrl\":\"https:\/\/secure.gravatar.com\/avatar\/0418bd799936a0d15814232d199256fd43108f6436b634cb4e5ea0fc3073cbeb?s=96&d=mm&r=g\",\"caption\":\"Santa Bernardita\"},\"sameAs\":[\"http:\/\/www.santabernardita.es\"]}]}<\/script>\n<!-- \/ Yoast SEO plugin. -->","yoast_head_json":{"title":"OFRENDA FLORAL NTRA. SRA. DE LA ALMUDENA - Colegio Santa Bernardita","description":"Somos un Colegio de Educaci\u00f3n Infantil confesional cat\u00f3lico, que pertenece a la Congregaci\u00f3n de las Hermanas Religiosas de la Caridad de Nevers. Nos encontramos en el barrio de Salamanca, en pleno coraz\u00f3n de Madrid. Nuestro equipo docente est\u00e1 formado por profesionales de la ense\u00f1anza que conocen, valoran y respetan el Ideario del Centro.","robots":{"index":"index","follow":"follow","max-snippet":"max-snippet:-1","max-image-preview":"max-image-preview:large","max-video-preview":"max-video-preview:-1"},"canonical":"https:\/\/santabernardita.es\/index.php\/2025\/03\/09\/ofrenda-floral-ntra-sra-de-la-almudena\/","og_locale":"es_ES","og_type":"article","og_title":"OFRENDA FLORAL NTRA. SRA. DE LA ALMUDENA - Colegio Santa Bernardita","og_description":"Somos un Colegio de Educaci\u00f3n Infantil confesional cat\u00f3lico, que pertenece a la Congregaci\u00f3n de las Hermanas Religiosas de la Caridad de Nevers. Nos encontramos en el barrio de Salamanca, en pleno coraz\u00f3n de Madrid. Nuestro equipo docente est\u00e1 formado por profesionales de la ense\u00f1anza que conocen, valoran y respetan el Ideario del Centro.","og_url":"https:\/\/santabernardita.es\/index.php\/2025\/03\/09\/ofrenda-floral-ntra-sra-de-la-almudena\/","og_site_name":"Colegio Santa Bernardita","article_published_time":"2025-03-09T11:59:32+00:00","article_modified_time":"2025-03-09T11:59:35+00:00","og_image":[{"width":1024,"height":724,"url":"https:\/\/santabernardita.es\/wp-content\/uploads\/2018\/11\/Documento-A4-Horizontal-Borde-Hoja-de-Papel-Floreado-Rosado-1024x724.png","type":"image\/png"}],"author":"Santa Bernardita","twitter_card":"summary_large_image","twitter_misc":{"Escrito por":"Santa Bernardita","Tiempo de lectura":"2 minutos"},"schema":{"@context":"https:\/\/schema.org","@graph":[{"@type":"WebPage","@id":"https:\/\/santabernardita.es\/index.php\/2025\/03\/09\/ofrenda-floral-ntra-sra-de-la-almudena\/","url":"https:\/\/santabernardita.es\/index.php\/2025\/03\/09\/ofrenda-floral-ntra-sra-de-la-almudena\/","name":"OFRENDA FLORAL NTRA. SRA. DE LA ALMUDENA - Colegio Santa Bernardita","isPartOf":{"@id":"https:\/\/santabernardita.es\/#website"},"primaryImageOfPage":{"@id":"https:\/\/santabernardita.es\/index.php\/2025\/03\/09\/ofrenda-floral-ntra-sra-de-la-almudena\/#primaryimage"},"image":{"@id":"https:\/\/santabernardita.es\/index.php\/2025\/03\/09\/ofrenda-floral-ntra-sra-de-la-almudena\/#primaryimage"},"thumbnailUrl":"https:\/\/santabernardita.es\/wp-content\/uploads\/2018\/11\/Documento-A4-Horizontal-Borde-Hoja-de-Papel-Floreado-Rosado.png","datePublished":"2025-03-09T11:59:32+00:00","dateModified":"2025-03-09T11:59:35+00:00","author":{"@id":"https:\/\/santabernardita.es\/#\/schema\/person\/312070e4a4a073ab9f474edb86c9a65c"},"description":"Somos un Colegio de Educaci\u00f3n Infantil confesional cat\u00f3lico, que pertenece a la Congregaci\u00f3n de las Hermanas Religiosas de la Caridad de Nevers. Nos encontramos en el barrio de Salamanca, en pleno coraz\u00f3n de Madrid. Nuestro equipo docente est\u00e1 formado por profesionales de la ense\u00f1anza que conocen, valoran y respetan el Ideario del Centro.","breadcrumb":{"@id":"https:\/\/santabernardita.es\/index.php\/2025\/03\/09\/ofrenda-floral-ntra-sra-de-la-almudena\/#breadcrumb"},"inLanguage":"es","potentialAction":[{"@type":"ReadAction","target":["https:\/\/santabernardita.es\/index.php\/2025\/03\/09\/ofrenda-floral-ntra-sra-de-la-almudena\/"]}]},{"@type":"ImageObject","inLanguage":"es","@id":"https:\/\/santabernardita.es\/index.php\/2025\/03\/09\/ofrenda-floral-ntra-sra-de-la-almudena\/#primaryimage","url":"https:\/\/santabernardita.es\/wp-content\/uploads\/2018\/11\/Documento-A4-Horizontal-Borde-Hoja-de-Papel-Floreado-Rosado.png","contentUrl":"https:\/\/santabernardita.es\/wp-content\/uploads\/2018\/11\/Documento-A4-Horizontal-Borde-Hoja-de-Papel-Floreado-Rosado.png","width":2000,"height":1414},{"@type":"BreadcrumbList","@id":"https:\/\/santabernardita.es\/index.php\/2025\/03\/09\/ofrenda-floral-ntra-sra-de-la-almudena\/#breadcrumb","itemListElement":[{"@type":"ListItem","position":1,"name":"Portada","item":"https:\/\/santabernardita.es\/"},{"@type":"ListItem","position":2,"name":"OFRENDA FLORAL NTRA. SRA. DE LA ALMUDENA"}]},{"@type":"WebSite","@id":"https:\/\/santabernardita.es\/#website","url":"https:\/\/santabernardita.es\/","name":"Colegio Santa Bernardita","description":"Santa Bernardita","potentialAction":[{"@type":"SearchAction","target":{"@type":"EntryPoint","urlTemplate":"https:\/\/santabernardita.es\/?s={search_term_string}"},"query-input":{"@type":"PropertyValueSpecification","valueRequired":true,"valueName":"search_term_string"}}],"inLanguage":"es"},{"@type":"Person","@id":"https:\/\/santabernardita.es\/#\/schema\/person\/312070e4a4a073ab9f474edb86c9a65c","name":"Santa Bernardita","image":{"@type":"ImageObject","inLanguage":"es","@id":"https:\/\/santabernardita.es\/#\/schema\/person\/image\/","url":"https:\/\/secure.gravatar.com\/avatar\/0418bd799936a0d15814232d199256fd43108f6436b634cb4e5ea0fc3073cbeb?s=96&d=mm&r=g","contentUrl":"https:\/\/secure.gravatar.com\/avatar\/0418bd799936a0d15814232d199256fd43108f6436b634cb4e5ea0fc3073cbeb?s=96&d=mm&r=g","caption":"Santa Bernardita"},"sameAs":["http:\/\/www.santabernardita.es"]}]}},"_links":{"self":[{"href":"https:\/\/santabernardita.es\/index.php\/wp-json\/wp\/v2\/posts\/823","targetHints":{"allow":["GET"]}}],"collection":[{"href":"https:\/\/santabernardita.es\/index.php\/wp-json\/wp\/v2\/posts"}],"about":[{"href":"https:\/\/santabernardita.es\/index.php\/wp-json\/wp\/v2\/types\/post"}],"author":[{"embeddable":true,"href":"https:\/\/santabernardita.es\/index.php\/wp-json\/wp\/v2\/users\/4"}],"replies":[{"embeddable":true,"href":"https:\/\/santabernardita.es\/index.php\/wp-json\/wp\/v2\/comments?post=823"}],"version-history":[{"count":3,"href":"https:\/\/santabernardita.es\/index.php\/wp-json\/wp\/v2\/posts\/823\/revisions"}],"predecessor-version":[{"id":1994,"href":"https:\/\/santabernardita.es\/index.php\/wp-json\/wp\/v2\/posts\/823\/revisions\/1994"}],"wp:featuredmedia":[{"embeddable":true,"href":"https:\/\/santabernardita.es\/index.php\/wp-json\/wp\/v2\/media\/2002"}],"wp:attachment":[{"href":"https:\/\/santabernardita.es\/index.php\/wp-json\/wp\/v2\/media?parent=823"}],"wp:term":[{"taxonomy":"category","embeddable":true,"href":"https:\/\/santabernardita.es\/index.php\/wp-json\/wp\/v2\/categories?post=823"},{"taxonomy":"post_tag","embeddable":true,"href":"https:\/\/santabernardita.es\/index.php\/wp-json\/wp\/v2\/tags?post=823"}],"curies":[{"name":"wp","href":"https:\/\/api.w.org\/{rel}","templated":true}]}}