{"id":837,"date":"2024-11-27T16:25:00","date_gmt":"2024-11-27T16:25:00","guid":{"rendered":"http:\/\/www.santabernardita.es\/?p=837"},"modified":"2025-03-09T12:23:51","modified_gmt":"2025-03-09T12:23:51","slug":"dia-internacional-del-maestro","status":"publish","type":"post","link":"https:\/\/santabernardita.es\/index.php\/2024\/11\/27\/dia-internacional-del-maestro\/","title":{"rendered":"DIA INTERNACIONAL DEL MAESTRO"},"content":{"rendered":"<p>Hoy 27 de noviembre del 2024 celebramos el d\u00eda internacional del maestro, d\u00eda del Patronazgo de <a title=\"Jos\u00e9 de Calasanz\" href=\"https:\/\/es.wikipedia.org\/wiki\/Jos%C3%A9_de_Calasanz\">San Jos\u00e9 de Calasanz<\/a>.<\/p>\n<p>En el colegio hemos querido conmemorar este d\u00eda de una manera vocacional. Las profesoras del primer ciclo han representado el cuento \u00abCaperucita Roja\u00bb, cuyo resultado no ha podido ser mas satisfactorio. Las profesoras del segundo ciclo han interpretado el cuento de \u00abLa ratita presumida\u00bb, con un toque de humor que ha sacado nuestras mejores sonrisas.<\/p>\n","protected":false},"excerpt":{"rendered":"<p>Hoy 27 de noviembre del 2024 celebramos el d\u00eda internacional [&hellip;]<\/p>\n","protected":false},"author":4,"featured_media":2007,"comment_status":"closed","ping_status":"closed","sticky":false,"template":"","format":"standard","meta":{"footnotes":""},"categories":[3],"tags":[],"class_list":["post-837","post","type-post","status-publish","format-standard","has-post-thumbnail","hentry","category-informacion-general"],"yoast_head":"<!-- This site is optimized with the Yoast SEO plugin v24.2 - https:\/\/yoast.com\/wordpress\/plugins\/seo\/ -->\n<title>DIA INTERNACIONAL DEL MAESTRO - Colegio Santa Bernardita<\/title>\n<meta name=\"description\" content=\"Somos un Colegio de Educaci\u00f3n Infantil confesional cat\u00f3lico, que pertenece a la Congregaci\u00f3n de las Hermanas Religiosas de la Caridad de Nevers. Nos encontramos en el barrio de Salamanca, en pleno coraz\u00f3n de Madrid. Nuestro equipo docente est\u00e1 formado por profesionales de la ense\u00f1anza que conocen, valoran y respetan el Ideario del Centro.\" \/>\n<meta name=\"robots\" content=\"index, follow, max-snippet:-1, max-image-preview:large, max-video-preview:-1\" \/>\n<link rel=\"canonical\" href=\"https:\/\/santabernardita.es\/index.php\/2024\/11\/27\/dia-internacional-del-maestro\/\" \/>\n<meta property=\"og:locale\" content=\"es_ES\" \/>\n<meta property=\"og:type\" content=\"article\" \/>\n<meta property=\"og:title\" content=\"DIA INTERNACIONAL DEL MAESTRO - Colegio Santa Bernardita\" \/>\n<meta property=\"og:description\" content=\"Somos un Colegio de Educaci\u00f3n Infantil confesional cat\u00f3lico, que pertenece a la Congregaci\u00f3n de las Hermanas Religiosas de la Caridad de Nevers. Nos encontramos en el barrio de Salamanca, en pleno coraz\u00f3n de Madrid. Nuestro equipo docente est\u00e1 formado por profesionales de la ense\u00f1anza que conocen, valoran y respetan el Ideario del Centro.\" \/>\n<meta property=\"og:url\" content=\"https:\/\/santabernardita.es\/index.php\/2024\/11\/27\/dia-internacional-del-maestro\/\" \/>\n<meta property=\"og:site_name\" content=\"Colegio Santa Bernardita\" \/>\n<meta property=\"article:published_time\" content=\"2024-11-27T16:25:00+00:00\" \/>\n<meta property=\"article:modified_time\" content=\"2025-03-09T12:23:51+00:00\" \/>\n<meta property=\"og:image\" content=\"https:\/\/santabernardita.es\/wp-content\/uploads\/2018\/11\/Documento-A4-Horizontal-Borde-Hoja-de-Papel-Floreado-Rosado-1.png\" \/>\n\t<meta property=\"og:image:width\" content=\"2000\" \/>\n\t<meta property=\"og:image:height\" content=\"1414\" \/>\n\t<meta property=\"og:image:type\" content=\"image\/png\" \/>\n<meta name=\"author\" content=\"Santa Bernardita\" \/>\n<meta name=\"twitter:card\" content=\"summary_large_image\" \/>\n<meta name=\"twitter:label1\" content=\"Escrito por\" \/>\n\t<meta name=\"twitter:data1\" content=\"Santa Bernardita\" \/>\n\t<meta name=\"twitter:label2\" content=\"Tiempo de lectura\" \/>\n\t<meta name=\"twitter:data2\" content=\"1 minuto\" \/>\n<script type=\"application\/ld+json\" class=\"yoast-schema-graph\">{\"@context\":\"https:\/\/schema.org\",\"@graph\":[{\"@type\":\"WebPage\",\"@id\":\"https:\/\/santabernardita.es\/index.php\/2024\/11\/27\/dia-internacional-del-maestro\/\",\"url\":\"https:\/\/santabernardita.es\/index.php\/2024\/11\/27\/dia-internacional-del-maestro\/\",\"name\":\"DIA INTERNACIONAL DEL MAESTRO - Colegio Santa Bernardita\",\"isPartOf\":{\"@id\":\"https:\/\/santabernardita.es\/#website\"},\"primaryImageOfPage\":{\"@id\":\"https:\/\/santabernardita.es\/index.php\/2024\/11\/27\/dia-internacional-del-maestro\/#primaryimage\"},\"image\":{\"@id\":\"https:\/\/santabernardita.es\/index.php\/2024\/11\/27\/dia-internacional-del-maestro\/#primaryimage\"},\"thumbnailUrl\":\"https:\/\/santabernardita.es\/wp-content\/uploads\/2018\/11\/Documento-A4-Horizontal-Borde-Hoja-de-Papel-Floreado-Rosado-1.png\",\"datePublished\":\"2024-11-27T16:25:00+00:00\",\"dateModified\":\"2025-03-09T12:23:51+00:00\",\"author\":{\"@id\":\"https:\/\/santabernardita.es\/#\/schema\/person\/312070e4a4a073ab9f474edb86c9a65c\"},\"description\":\"Somos un Colegio de Educaci\u00f3n Infantil confesional cat\u00f3lico, que pertenece a la Congregaci\u00f3n de las Hermanas Religiosas de la Caridad de Nevers. Nos encontramos en el barrio de Salamanca, en pleno coraz\u00f3n de Madrid. Nuestro equipo docente est\u00e1 formado por profesionales de la ense\u00f1anza que conocen, valoran y respetan el Ideario del Centro.\",\"breadcrumb\":{\"@id\":\"https:\/\/santabernardita.es\/index.php\/2024\/11\/27\/dia-internacional-del-maestro\/#breadcrumb\"},\"inLanguage\":\"es\",\"potentialAction\":[{\"@type\":\"ReadAction\",\"target\":[\"https:\/\/santabernardita.es\/index.php\/2024\/11\/27\/dia-internacional-del-maestro\/\"]}]},{\"@type\":\"ImageObject\",\"inLanguage\":\"es\",\"@id\":\"https:\/\/santabernardita.es\/index.php\/2024\/11\/27\/dia-internacional-del-maestro\/#primaryimage\",\"url\":\"https:\/\/santabernardita.es\/wp-content\/uploads\/2018\/11\/Documento-A4-Horizontal-Borde-Hoja-de-Papel-Floreado-Rosado-1.png\",\"contentUrl\":\"https:\/\/santabernardita.es\/wp-content\/uploads\/2018\/11\/Documento-A4-Horizontal-Borde-Hoja-de-Papel-Floreado-Rosado-1.png\",\"width\":2000,\"height\":1414},{\"@type\":\"BreadcrumbList\",\"@id\":\"https:\/\/santabernardita.es\/index.php\/2024\/11\/27\/dia-internacional-del-maestro\/#breadcrumb\",\"itemListElement\":[{\"@type\":\"ListItem\",\"position\":1,\"name\":\"Portada\",\"item\":\"https:\/\/santabernardita.es\/\"},{\"@type\":\"ListItem\",\"position\":2,\"name\":\"DIA INTERNACIONAL DEL MAESTRO\"}]},{\"@type\":\"WebSite\",\"@id\":\"https:\/\/santabernardita.es\/#website\",\"url\":\"https:\/\/santabernardita.es\/\",\"name\":\"Colegio Santa Bernardita\",\"description\":\"Santa Bernardita\",\"potentialAction\":[{\"@type\":\"SearchAction\",\"target\":{\"@type\":\"EntryPoint\",\"urlTemplate\":\"https:\/\/santabernardita.es\/?s={search_term_string}\"},\"query-input\":{\"@type\":\"PropertyValueSpecification\",\"valueRequired\":true,\"valueName\":\"search_term_string\"}}],\"inLanguage\":\"es\"},{\"@type\":\"Person\",\"@id\":\"https:\/\/santabernardita.es\/#\/schema\/person\/312070e4a4a073ab9f474edb86c9a65c\",\"name\":\"Santa Bernardita\",\"image\":{\"@type\":\"ImageObject\",\"inLanguage\":\"es\",\"@id\":\"https:\/\/santabernardita.es\/#\/schema\/person\/image\/\",\"url\":\"https:\/\/secure.gravatar.com\/avatar\/0418bd799936a0d15814232d199256fd43108f6436b634cb4e5ea0fc3073cbeb?s=96&d=mm&r=g\",\"contentUrl\":\"https:\/\/secure.gravatar.com\/avatar\/0418bd799936a0d15814232d199256fd43108f6436b634cb4e5ea0fc3073cbeb?s=96&d=mm&r=g\",\"caption\":\"Santa Bernardita\"},\"sameAs\":[\"http:\/\/www.santabernardita.es\"]}]}<\/script>\n<!-- \/ Yoast SEO plugin. -->","yoast_head_json":{"title":"DIA INTERNACIONAL DEL MAESTRO - Colegio Santa Bernardita","description":"Somos un Colegio de Educaci\u00f3n Infantil confesional cat\u00f3lico, que pertenece a la Congregaci\u00f3n de las Hermanas Religiosas de la Caridad de Nevers. Nos encontramos en el barrio de Salamanca, en pleno coraz\u00f3n de Madrid. Nuestro equipo docente est\u00e1 formado por profesionales de la ense\u00f1anza que conocen, valoran y respetan el Ideario del Centro.","robots":{"index":"index","follow":"follow","max-snippet":"max-snippet:-1","max-image-preview":"max-image-preview:large","max-video-preview":"max-video-preview:-1"},"canonical":"https:\/\/santabernardita.es\/index.php\/2024\/11\/27\/dia-internacional-del-maestro\/","og_locale":"es_ES","og_type":"article","og_title":"DIA INTERNACIONAL DEL MAESTRO - Colegio Santa Bernardita","og_description":"Somos un Colegio de Educaci\u00f3n Infantil confesional cat\u00f3lico, que pertenece a la Congregaci\u00f3n de las Hermanas Religiosas de la Caridad de Nevers. Nos encontramos en el barrio de Salamanca, en pleno coraz\u00f3n de Madrid. Nuestro equipo docente est\u00e1 formado por profesionales de la ense\u00f1anza que conocen, valoran y respetan el Ideario del Centro.","og_url":"https:\/\/santabernardita.es\/index.php\/2024\/11\/27\/dia-internacional-del-maestro\/","og_site_name":"Colegio Santa Bernardita","article_published_time":"2024-11-27T16:25:00+00:00","article_modified_time":"2025-03-09T12:23:51+00:00","og_image":[{"width":2000,"height":1414,"url":"https:\/\/santabernardita.es\/wp-content\/uploads\/2018\/11\/Documento-A4-Horizontal-Borde-Hoja-de-Papel-Floreado-Rosado-1.png","type":"image\/png"}],"author":"Santa Bernardita","twitter_card":"summary_large_image","twitter_misc":{"Escrito por":"Santa Bernardita","Tiempo de lectura":"1 minuto"},"schema":{"@context":"https:\/\/schema.org","@graph":[{"@type":"WebPage","@id":"https:\/\/santabernardita.es\/index.php\/2024\/11\/27\/dia-internacional-del-maestro\/","url":"https:\/\/santabernardita.es\/index.php\/2024\/11\/27\/dia-internacional-del-maestro\/","name":"DIA INTERNACIONAL DEL MAESTRO - Colegio Santa Bernardita","isPartOf":{"@id":"https:\/\/santabernardita.es\/#website"},"primaryImageOfPage":{"@id":"https:\/\/santabernardita.es\/index.php\/2024\/11\/27\/dia-internacional-del-maestro\/#primaryimage"},"image":{"@id":"https:\/\/santabernardita.es\/index.php\/2024\/11\/27\/dia-internacional-del-maestro\/#primaryimage"},"thumbnailUrl":"https:\/\/santabernardita.es\/wp-content\/uploads\/2018\/11\/Documento-A4-Horizontal-Borde-Hoja-de-Papel-Floreado-Rosado-1.png","datePublished":"2024-11-27T16:25:00+00:00","dateModified":"2025-03-09T12:23:51+00:00","author":{"@id":"https:\/\/santabernardita.es\/#\/schema\/person\/312070e4a4a073ab9f474edb86c9a65c"},"description":"Somos un Colegio de Educaci\u00f3n Infantil confesional cat\u00f3lico, que pertenece a la Congregaci\u00f3n de las Hermanas Religiosas de la Caridad de Nevers. Nos encontramos en el barrio de Salamanca, en pleno coraz\u00f3n de Madrid. Nuestro equipo docente est\u00e1 formado por profesionales de la ense\u00f1anza que conocen, valoran y respetan el Ideario del Centro.","breadcrumb":{"@id":"https:\/\/santabernardita.es\/index.php\/2024\/11\/27\/dia-internacional-del-maestro\/#breadcrumb"},"inLanguage":"es","potentialAction":[{"@type":"ReadAction","target":["https:\/\/santabernardita.es\/index.php\/2024\/11\/27\/dia-internacional-del-maestro\/"]}]},{"@type":"ImageObject","inLanguage":"es","@id":"https:\/\/santabernardita.es\/index.php\/2024\/11\/27\/dia-internacional-del-maestro\/#primaryimage","url":"https:\/\/santabernardita.es\/wp-content\/uploads\/2018\/11\/Documento-A4-Horizontal-Borde-Hoja-de-Papel-Floreado-Rosado-1.png","contentUrl":"https:\/\/santabernardita.es\/wp-content\/uploads\/2018\/11\/Documento-A4-Horizontal-Borde-Hoja-de-Papel-Floreado-Rosado-1.png","width":2000,"height":1414},{"@type":"BreadcrumbList","@id":"https:\/\/santabernardita.es\/index.php\/2024\/11\/27\/dia-internacional-del-maestro\/#breadcrumb","itemListElement":[{"@type":"ListItem","position":1,"name":"Portada","item":"https:\/\/santabernardita.es\/"},{"@type":"ListItem","position":2,"name":"DIA INTERNACIONAL DEL MAESTRO"}]},{"@type":"WebSite","@id":"https:\/\/santabernardita.es\/#website","url":"https:\/\/santabernardita.es\/","name":"Colegio Santa Bernardita","description":"Santa Bernardita","potentialAction":[{"@type":"SearchAction","target":{"@type":"EntryPoint","urlTemplate":"https:\/\/santabernardita.es\/?s={search_term_string}"},"query-input":{"@type":"PropertyValueSpecification","valueRequired":true,"valueName":"search_term_string"}}],"inLanguage":"es"},{"@type":"Person","@id":"https:\/\/santabernardita.es\/#\/schema\/person\/312070e4a4a073ab9f474edb86c9a65c","name":"Santa Bernardita","image":{"@type":"ImageObject","inLanguage":"es","@id":"https:\/\/santabernardita.es\/#\/schema\/person\/image\/","url":"https:\/\/secure.gravatar.com\/avatar\/0418bd799936a0d15814232d199256fd43108f6436b634cb4e5ea0fc3073cbeb?s=96&d=mm&r=g","contentUrl":"https:\/\/secure.gravatar.com\/avatar\/0418bd799936a0d15814232d199256fd43108f6436b634cb4e5ea0fc3073cbeb?s=96&d=mm&r=g","caption":"Santa Bernardita"},"sameAs":["http:\/\/www.santabernardita.es"]}]}},"_links":{"self":[{"href":"https:\/\/santabernardita.es\/index.php\/wp-json\/wp\/v2\/posts\/837","targetHints":{"allow":["GET"]}}],"collection":[{"href":"https:\/\/santabernardita.es\/index.php\/wp-json\/wp\/v2\/posts"}],"about":[{"href":"https:\/\/santabernardita.es\/index.php\/wp-json\/wp\/v2\/types\/post"}],"author":[{"embeddable":true,"href":"https:\/\/santabernardita.es\/index.php\/wp-json\/wp\/v2\/users\/4"}],"replies":[{"embeddable":true,"href":"https:\/\/santabernardita.es\/index.php\/wp-json\/wp\/v2\/comments?post=837"}],"version-history":[{"count":3,"href":"https:\/\/santabernardita.es\/index.php\/wp-json\/wp\/v2\/posts\/837\/revisions"}],"predecessor-version":[{"id":2008,"href":"https:\/\/santabernardita.es\/index.php\/wp-json\/wp\/v2\/posts\/837\/revisions\/2008"}],"wp:featuredmedia":[{"embeddable":true,"href":"https:\/\/santabernardita.es\/index.php\/wp-json\/wp\/v2\/media\/2007"}],"wp:attachment":[{"href":"https:\/\/santabernardita.es\/index.php\/wp-json\/wp\/v2\/media?parent=837"}],"wp:term":[{"taxonomy":"category","embeddable":true,"href":"https:\/\/santabernardita.es\/index.php\/wp-json\/wp\/v2\/categories?post=837"},{"taxonomy":"post_tag","embeddable":true,"href":"https:\/\/santabernardita.es\/index.php\/wp-json\/wp\/v2\/tags?post=837"}],"curies":[{"name":"wp","href":"https:\/\/api.w.org\/{rel}","templated":true}]}}