{"id":885,"date":"2025-01-31T12:51:00","date_gmt":"2025-01-31T12:51:00","guid":{"rendered":"http:\/\/www.santabernardita.es\/?p=885"},"modified":"2025-03-09T15:14:31","modified_gmt":"2025-03-09T15:14:31","slug":"dia-de-la-paz-y-la-no-violencia","status":"publish","type":"post","link":"https:\/\/santabernardita.es\/index.php\/2025\/01\/31\/dia-de-la-paz-y-la-no-violencia\/","title":{"rendered":"D\u00cdA DE LA PAZ Y LA NO VIOLENCIA"},"content":{"rendered":"<p><strong>\u201cS\u00c9 EL CAMBIO QUE QUERR\u00cdAS VER EN EL MUNDO\u201d <\/strong>\u00a0MAHATMA GANDHI<\/p>\n<p>Ayer celebramos el d\u00eda de \u201c<strong>LA PAZ Y LA NO VIOLENCIA<\/strong>\u201d. Fue una jornada de reflexi\u00f3n sobre nuestro compromiso con LA PAZ.<\/p>\n<p>La paz es una tarea diaria que trabajamos a trav\u00e9s de la convivencia, el compa\u00f1erismo y el respeto. Estos valores unidos a la alegr\u00eda de estar juntos forman parte de nuestro d\u00eda a d\u00eda.<\/p>\n<p>Nuestros ni\u00f1os plasmaron ayer con sus trabajos, bailes y canciones dichos valores.<\/p>\n<p>Fue una jornada vivenciada con gran AMOR.<\/p>\n","protected":false},"excerpt":{"rendered":"<p>\u201cS\u00c9 EL CAMBIO QUE QUERR\u00cdAS VER EN EL MUNDO\u201d \u00a0MAHATMA [&hellip;]<\/p>\n","protected":false},"author":4,"featured_media":2010,"comment_status":"closed","ping_status":"closed","sticky":false,"template":"","format":"standard","meta":{"footnotes":""},"categories":[3],"tags":[],"class_list":["post-885","post","type-post","status-publish","format-standard","has-post-thumbnail","hentry","category-informacion-general"],"yoast_head":"<!-- This site is optimized with the Yoast SEO plugin v24.2 - https:\/\/yoast.com\/wordpress\/plugins\/seo\/ -->\n<title>D\u00cdA DE LA PAZ Y LA NO VIOLENCIA - Colegio Santa Bernardita<\/title>\n<meta name=\"description\" content=\"Somos un Colegio de Educaci\u00f3n Infantil confesional cat\u00f3lico, que pertenece a la Congregaci\u00f3n de las Hermanas Religiosas de la Caridad de Nevers. Nos encontramos en el barrio de Salamanca, en pleno coraz\u00f3n de Madrid. Nuestro equipo docente est\u00e1 formado por profesionales de la ense\u00f1anza que conocen, valoran y respetan el Ideario del Centro.\" \/>\n<meta name=\"robots\" content=\"index, follow, max-snippet:-1, max-image-preview:large, max-video-preview:-1\" \/>\n<link rel=\"canonical\" href=\"https:\/\/santabernardita.es\/index.php\/2025\/01\/31\/dia-de-la-paz-y-la-no-violencia\/\" \/>\n<meta property=\"og:locale\" content=\"es_ES\" \/>\n<meta property=\"og:type\" content=\"article\" \/>\n<meta property=\"og:title\" content=\"D\u00cdA DE LA PAZ Y LA NO VIOLENCIA - Colegio Santa Bernardita\" \/>\n<meta property=\"og:description\" content=\"Somos un Colegio de Educaci\u00f3n Infantil confesional cat\u00f3lico, que pertenece a la Congregaci\u00f3n de las Hermanas Religiosas de la Caridad de Nevers. Nos encontramos en el barrio de Salamanca, en pleno coraz\u00f3n de Madrid. Nuestro equipo docente est\u00e1 formado por profesionales de la ense\u00f1anza que conocen, valoran y respetan el Ideario del Centro.\" \/>\n<meta property=\"og:url\" content=\"https:\/\/santabernardita.es\/index.php\/2025\/01\/31\/dia-de-la-paz-y-la-no-violencia\/\" \/>\n<meta property=\"og:site_name\" content=\"Colegio Santa Bernardita\" \/>\n<meta property=\"article:published_time\" content=\"2025-01-31T12:51:00+00:00\" \/>\n<meta property=\"article:modified_time\" content=\"2025-03-09T15:14:31+00:00\" \/>\n<meta property=\"og:image\" content=\"https:\/\/santabernardita.es\/wp-content\/uploads\/2019\/01\/Documento-A4-Horizontal-Borde-Hoja-de-Papel-Floreado-Rosado-2-1024x724.png\" \/>\n\t<meta property=\"og:image:width\" content=\"1024\" \/>\n\t<meta property=\"og:image:height\" content=\"724\" \/>\n\t<meta property=\"og:image:type\" content=\"image\/png\" \/>\n<meta name=\"author\" content=\"Santa Bernardita\" \/>\n<meta name=\"twitter:card\" content=\"summary_large_image\" \/>\n<meta name=\"twitter:label1\" content=\"Escrito por\" \/>\n\t<meta name=\"twitter:data1\" content=\"Santa Bernardita\" \/>\n\t<meta name=\"twitter:label2\" content=\"Tiempo de lectura\" \/>\n\t<meta name=\"twitter:data2\" content=\"1 minuto\" \/>\n<script type=\"application\/ld+json\" class=\"yoast-schema-graph\">{\"@context\":\"https:\/\/schema.org\",\"@graph\":[{\"@type\":\"WebPage\",\"@id\":\"https:\/\/santabernardita.es\/index.php\/2025\/01\/31\/dia-de-la-paz-y-la-no-violencia\/\",\"url\":\"https:\/\/santabernardita.es\/index.php\/2025\/01\/31\/dia-de-la-paz-y-la-no-violencia\/\",\"name\":\"D\u00cdA DE LA PAZ Y LA NO VIOLENCIA - Colegio Santa Bernardita\",\"isPartOf\":{\"@id\":\"https:\/\/santabernardita.es\/#website\"},\"primaryImageOfPage\":{\"@id\":\"https:\/\/santabernardita.es\/index.php\/2025\/01\/31\/dia-de-la-paz-y-la-no-violencia\/#primaryimage\"},\"image\":{\"@id\":\"https:\/\/santabernardita.es\/index.php\/2025\/01\/31\/dia-de-la-paz-y-la-no-violencia\/#primaryimage\"},\"thumbnailUrl\":\"https:\/\/santabernardita.es\/wp-content\/uploads\/2019\/01\/Documento-A4-Horizontal-Borde-Hoja-de-Papel-Floreado-Rosado-2.png\",\"datePublished\":\"2025-01-31T12:51:00+00:00\",\"dateModified\":\"2025-03-09T15:14:31+00:00\",\"author\":{\"@id\":\"https:\/\/santabernardita.es\/#\/schema\/person\/312070e4a4a073ab9f474edb86c9a65c\"},\"description\":\"Somos un Colegio de Educaci\u00f3n Infantil confesional cat\u00f3lico, que pertenece a la Congregaci\u00f3n de las Hermanas Religiosas de la Caridad de Nevers. Nos encontramos en el barrio de Salamanca, en pleno coraz\u00f3n de Madrid. Nuestro equipo docente est\u00e1 formado por profesionales de la ense\u00f1anza que conocen, valoran y respetan el Ideario del Centro.\",\"breadcrumb\":{\"@id\":\"https:\/\/santabernardita.es\/index.php\/2025\/01\/31\/dia-de-la-paz-y-la-no-violencia\/#breadcrumb\"},\"inLanguage\":\"es\",\"potentialAction\":[{\"@type\":\"ReadAction\",\"target\":[\"https:\/\/santabernardita.es\/index.php\/2025\/01\/31\/dia-de-la-paz-y-la-no-violencia\/\"]}]},{\"@type\":\"ImageObject\",\"inLanguage\":\"es\",\"@id\":\"https:\/\/santabernardita.es\/index.php\/2025\/01\/31\/dia-de-la-paz-y-la-no-violencia\/#primaryimage\",\"url\":\"https:\/\/santabernardita.es\/wp-content\/uploads\/2019\/01\/Documento-A4-Horizontal-Borde-Hoja-de-Papel-Floreado-Rosado-2.png\",\"contentUrl\":\"https:\/\/santabernardita.es\/wp-content\/uploads\/2019\/01\/Documento-A4-Horizontal-Borde-Hoja-de-Papel-Floreado-Rosado-2.png\",\"width\":2000,\"height\":1414},{\"@type\":\"BreadcrumbList\",\"@id\":\"https:\/\/santabernardita.es\/index.php\/2025\/01\/31\/dia-de-la-paz-y-la-no-violencia\/#breadcrumb\",\"itemListElement\":[{\"@type\":\"ListItem\",\"position\":1,\"name\":\"Portada\",\"item\":\"https:\/\/santabernardita.es\/\"},{\"@type\":\"ListItem\",\"position\":2,\"name\":\"D\u00cdA DE LA PAZ Y LA NO VIOLENCIA\"}]},{\"@type\":\"WebSite\",\"@id\":\"https:\/\/santabernardita.es\/#website\",\"url\":\"https:\/\/santabernardita.es\/\",\"name\":\"Colegio Santa Bernardita\",\"description\":\"Santa Bernardita\",\"potentialAction\":[{\"@type\":\"SearchAction\",\"target\":{\"@type\":\"EntryPoint\",\"urlTemplate\":\"https:\/\/santabernardita.es\/?s={search_term_string}\"},\"query-input\":{\"@type\":\"PropertyValueSpecification\",\"valueRequired\":true,\"valueName\":\"search_term_string\"}}],\"inLanguage\":\"es\"},{\"@type\":\"Person\",\"@id\":\"https:\/\/santabernardita.es\/#\/schema\/person\/312070e4a4a073ab9f474edb86c9a65c\",\"name\":\"Santa Bernardita\",\"image\":{\"@type\":\"ImageObject\",\"inLanguage\":\"es\",\"@id\":\"https:\/\/santabernardita.es\/#\/schema\/person\/image\/\",\"url\":\"https:\/\/secure.gravatar.com\/avatar\/0418bd799936a0d15814232d199256fd43108f6436b634cb4e5ea0fc3073cbeb?s=96&d=mm&r=g\",\"contentUrl\":\"https:\/\/secure.gravatar.com\/avatar\/0418bd799936a0d15814232d199256fd43108f6436b634cb4e5ea0fc3073cbeb?s=96&d=mm&r=g\",\"caption\":\"Santa Bernardita\"},\"sameAs\":[\"http:\/\/www.santabernardita.es\"]}]}<\/script>\n<!-- \/ Yoast SEO plugin. -->","yoast_head_json":{"title":"D\u00cdA DE LA PAZ Y LA NO VIOLENCIA - Colegio Santa Bernardita","description":"Somos un Colegio de Educaci\u00f3n Infantil confesional cat\u00f3lico, que pertenece a la Congregaci\u00f3n de las Hermanas Religiosas de la Caridad de Nevers. Nos encontramos en el barrio de Salamanca, en pleno coraz\u00f3n de Madrid. Nuestro equipo docente est\u00e1 formado por profesionales de la ense\u00f1anza que conocen, valoran y respetan el Ideario del Centro.","robots":{"index":"index","follow":"follow","max-snippet":"max-snippet:-1","max-image-preview":"max-image-preview:large","max-video-preview":"max-video-preview:-1"},"canonical":"https:\/\/santabernardita.es\/index.php\/2025\/01\/31\/dia-de-la-paz-y-la-no-violencia\/","og_locale":"es_ES","og_type":"article","og_title":"D\u00cdA DE LA PAZ Y LA NO VIOLENCIA - Colegio Santa Bernardita","og_description":"Somos un Colegio de Educaci\u00f3n Infantil confesional cat\u00f3lico, que pertenece a la Congregaci\u00f3n de las Hermanas Religiosas de la Caridad de Nevers. Nos encontramos en el barrio de Salamanca, en pleno coraz\u00f3n de Madrid. Nuestro equipo docente est\u00e1 formado por profesionales de la ense\u00f1anza que conocen, valoran y respetan el Ideario del Centro.","og_url":"https:\/\/santabernardita.es\/index.php\/2025\/01\/31\/dia-de-la-paz-y-la-no-violencia\/","og_site_name":"Colegio Santa Bernardita","article_published_time":"2025-01-31T12:51:00+00:00","article_modified_time":"2025-03-09T15:14:31+00:00","og_image":[{"width":1024,"height":724,"url":"https:\/\/santabernardita.es\/wp-content\/uploads\/2019\/01\/Documento-A4-Horizontal-Borde-Hoja-de-Papel-Floreado-Rosado-2-1024x724.png","type":"image\/png"}],"author":"Santa Bernardita","twitter_card":"summary_large_image","twitter_misc":{"Escrito por":"Santa Bernardita","Tiempo de lectura":"1 minuto"},"schema":{"@context":"https:\/\/schema.org","@graph":[{"@type":"WebPage","@id":"https:\/\/santabernardita.es\/index.php\/2025\/01\/31\/dia-de-la-paz-y-la-no-violencia\/","url":"https:\/\/santabernardita.es\/index.php\/2025\/01\/31\/dia-de-la-paz-y-la-no-violencia\/","name":"D\u00cdA DE LA PAZ Y LA NO VIOLENCIA - Colegio Santa Bernardita","isPartOf":{"@id":"https:\/\/santabernardita.es\/#website"},"primaryImageOfPage":{"@id":"https:\/\/santabernardita.es\/index.php\/2025\/01\/31\/dia-de-la-paz-y-la-no-violencia\/#primaryimage"},"image":{"@id":"https:\/\/santabernardita.es\/index.php\/2025\/01\/31\/dia-de-la-paz-y-la-no-violencia\/#primaryimage"},"thumbnailUrl":"https:\/\/santabernardita.es\/wp-content\/uploads\/2019\/01\/Documento-A4-Horizontal-Borde-Hoja-de-Papel-Floreado-Rosado-2.png","datePublished":"2025-01-31T12:51:00+00:00","dateModified":"2025-03-09T15:14:31+00:00","author":{"@id":"https:\/\/santabernardita.es\/#\/schema\/person\/312070e4a4a073ab9f474edb86c9a65c"},"description":"Somos un Colegio de Educaci\u00f3n Infantil confesional cat\u00f3lico, que pertenece a la Congregaci\u00f3n de las Hermanas Religiosas de la Caridad de Nevers. Nos encontramos en el barrio de Salamanca, en pleno coraz\u00f3n de Madrid. Nuestro equipo docente est\u00e1 formado por profesionales de la ense\u00f1anza que conocen, valoran y respetan el Ideario del Centro.","breadcrumb":{"@id":"https:\/\/santabernardita.es\/index.php\/2025\/01\/31\/dia-de-la-paz-y-la-no-violencia\/#breadcrumb"},"inLanguage":"es","potentialAction":[{"@type":"ReadAction","target":["https:\/\/santabernardita.es\/index.php\/2025\/01\/31\/dia-de-la-paz-y-la-no-violencia\/"]}]},{"@type":"ImageObject","inLanguage":"es","@id":"https:\/\/santabernardita.es\/index.php\/2025\/01\/31\/dia-de-la-paz-y-la-no-violencia\/#primaryimage","url":"https:\/\/santabernardita.es\/wp-content\/uploads\/2019\/01\/Documento-A4-Horizontal-Borde-Hoja-de-Papel-Floreado-Rosado-2.png","contentUrl":"https:\/\/santabernardita.es\/wp-content\/uploads\/2019\/01\/Documento-A4-Horizontal-Borde-Hoja-de-Papel-Floreado-Rosado-2.png","width":2000,"height":1414},{"@type":"BreadcrumbList","@id":"https:\/\/santabernardita.es\/index.php\/2025\/01\/31\/dia-de-la-paz-y-la-no-violencia\/#breadcrumb","itemListElement":[{"@type":"ListItem","position":1,"name":"Portada","item":"https:\/\/santabernardita.es\/"},{"@type":"ListItem","position":2,"name":"D\u00cdA DE LA PAZ Y LA NO VIOLENCIA"}]},{"@type":"WebSite","@id":"https:\/\/santabernardita.es\/#website","url":"https:\/\/santabernardita.es\/","name":"Colegio Santa Bernardita","description":"Santa Bernardita","potentialAction":[{"@type":"SearchAction","target":{"@type":"EntryPoint","urlTemplate":"https:\/\/santabernardita.es\/?s={search_term_string}"},"query-input":{"@type":"PropertyValueSpecification","valueRequired":true,"valueName":"search_term_string"}}],"inLanguage":"es"},{"@type":"Person","@id":"https:\/\/santabernardita.es\/#\/schema\/person\/312070e4a4a073ab9f474edb86c9a65c","name":"Santa Bernardita","image":{"@type":"ImageObject","inLanguage":"es","@id":"https:\/\/santabernardita.es\/#\/schema\/person\/image\/","url":"https:\/\/secure.gravatar.com\/avatar\/0418bd799936a0d15814232d199256fd43108f6436b634cb4e5ea0fc3073cbeb?s=96&d=mm&r=g","contentUrl":"https:\/\/secure.gravatar.com\/avatar\/0418bd799936a0d15814232d199256fd43108f6436b634cb4e5ea0fc3073cbeb?s=96&d=mm&r=g","caption":"Santa Bernardita"},"sameAs":["http:\/\/www.santabernardita.es"]}]}},"_links":{"self":[{"href":"https:\/\/santabernardita.es\/index.php\/wp-json\/wp\/v2\/posts\/885","targetHints":{"allow":["GET"]}}],"collection":[{"href":"https:\/\/santabernardita.es\/index.php\/wp-json\/wp\/v2\/posts"}],"about":[{"href":"https:\/\/santabernardita.es\/index.php\/wp-json\/wp\/v2\/types\/post"}],"author":[{"embeddable":true,"href":"https:\/\/santabernardita.es\/index.php\/wp-json\/wp\/v2\/users\/4"}],"replies":[{"embeddable":true,"href":"https:\/\/santabernardita.es\/index.php\/wp-json\/wp\/v2\/comments?post=885"}],"version-history":[{"count":3,"href":"https:\/\/santabernardita.es\/index.php\/wp-json\/wp\/v2\/posts\/885\/revisions"}],"predecessor-version":[{"id":891,"href":"https:\/\/santabernardita.es\/index.php\/wp-json\/wp\/v2\/posts\/885\/revisions\/891"}],"wp:featuredmedia":[{"embeddable":true,"href":"https:\/\/santabernardita.es\/index.php\/wp-json\/wp\/v2\/media\/2010"}],"wp:attachment":[{"href":"https:\/\/santabernardita.es\/index.php\/wp-json\/wp\/v2\/media?parent=885"}],"wp:term":[{"taxonomy":"category","embeddable":true,"href":"https:\/\/santabernardita.es\/index.php\/wp-json\/wp\/v2\/categories?post=885"},{"taxonomy":"post_tag","embeddable":true,"href":"https:\/\/santabernardita.es\/index.php\/wp-json\/wp\/v2\/tags?post=885"}],"curies":[{"name":"wp","href":"https:\/\/api.w.org\/{rel}","templated":true}]}}